{"id":83,"date":"2026-02-12T14:57:17","date_gmt":"2026-02-12T17:57:17","guid":{"rendered":"https:\/\/www.porticoreal.com.br\/blog\/?p=83"},"modified":"2026-07-17T09:28:50","modified_gmt":"2026-07-17T12:28:50","slug":"locacao-de-balancim-em-sp-o-que-considerar-antes-de-alugar","status":"publish","type":"post","link":"https:\/\/www.porticoreal.com.br\/blog\/2026\/02\/12\/locacao-de-balancim-em-sp-o-que-considerar-antes-de-alugar\/","title":{"rendered":"Loca\u00e7\u00e3o de balancim em SP: o que considerar antes de alugar?"},"content":{"rendered":"\n<p class=\"has-medium-font-size wp-block-paragraph\"><strong><em>Precisa alugar um balancim em SP? A P\u00f3rtico Real te mostra como escolher o equipamento ideal, garantir a seguran\u00e7a da sua equipe e otimizar seus projetos.<\/em><\/strong><\/p>\n\n\n\n<p class=\"wp-block-paragraph\">Em um cen\u00e1rio de constru\u00e7\u00e3o civil cada vez mais exigente, a seguran\u00e7a e a efici\u00eancia s\u00e3o fatores cruciais. A loca\u00e7\u00e3o de balancins tem se mostrado uma solu\u00e7\u00e3o pr\u00e1tica e econ\u00f4mica para diversas tarefas em altura. <\/p>\n\n\n\n<p class=\"wp-block-paragraph\">No entanto, com tantas op\u00e7\u00f5es dispon\u00edveis no mercado, \u00e9 fundamental saber o que considerar antes de alugar esse equipamento. <\/p>\n\n\n\n<p class=\"wp-block-paragraph\">Neste artigo, vamos explorar os principais aspectos a serem avaliados e apresentar a P\u00f3rtico Real como a sua melhor op\u00e7\u00e3o em S\u00e3o Paulo.<\/p>\n\n\n\n<ul class=\"wp-block-list\">\n<li><a href=\"https:\/\/www.porticoreal.com.br\/blog\/2025\/03\/13\/como-escolher-os-acessorios-de-icamento-certos-para-cada-tipo-de-carga\/\">Como escolher os acess\u00f3rios de i\u00e7amento certos para cada tipo de carga?<\/a><\/li>\n<\/ul>\n\n\n\n<h2 class=\"wp-block-heading\">A import\u00e2ncia da loca\u00e7\u00e3o de balancim<\/h2>\n\n\n\n<p class=\"wp-block-paragraph\">A loca\u00e7\u00e3o de balancins tem se consolidado como uma <strong>pr\u00e1tica essencial <\/strong>no setor da constru\u00e7\u00e3o civil, oferecendo uma s\u00e9rie de vantagens tanto para empresas quanto para profissionais. Essa modalidade de servi\u00e7o permite que as empresas tenham acesso a equipamentos modernos e seguros sem a necessidade de um investimento inicial alto na compra.<\/p>\n\n\n<div class=\"wp-block-image\">\n<figure class=\"alignright size-full is-resized\"><img loading=\"lazy\" decoding=\"async\" width=\"600\" height=\"450\" src=\"https:\/\/www.porticoreal.com.br\/blog\/wp-content\/uploads\/2025\/03\/2-2-1.webp\" alt=\"\" class=\"wp-image-85\" style=\"width:322px;height:auto\" srcset=\"https:\/\/www.porticoreal.com.br\/blog\/wp-content\/uploads\/2025\/03\/2-2-1.webp 600w, https:\/\/www.porticoreal.com.br\/blog\/wp-content\/uploads\/2025\/03\/2-2-1-300x225.webp 300w\" sizes=\"auto, (max-width: 600px) 100vw, 600px\" \/><\/figure>\n<\/div>\n\n\n<p class=\"wp-block-paragraph\">Um dos principais benef\u00edcios da loca\u00e7\u00e3o de balancins \u00e9 a <strong>flexibilidade<\/strong>. As empresas podem alugar o equipamento por um per\u00edodo determinado, de acordo com a necessidade do projeto, evitando assim custos com armazenamento e manuten\u00e7\u00e3o quando o equipamento n\u00e3o est\u00e1 em uso.&nbsp;<\/p>\n\n\n\n<p class=\"wp-block-paragraph\">A <strong>seguran\u00e7a<\/strong> \u00e9 outro ponto fundamental na escolha pela loca\u00e7\u00e3o de balancins. As empresas de loca\u00e7\u00e3o s\u00e3o respons\u00e1veis por garantir a manuten\u00e7\u00e3o e a calibra\u00e7\u00e3o dos equipamentos, assegurando que estejam em perfeitas condi\u00e7\u00f5es de uso.&nbsp;<\/p>\n\n\n\n<p class=\"wp-block-paragraph\">Por fim, a loca\u00e7\u00e3o de balancins contribui para a <strong>otimiza\u00e7\u00e3o dos custos<\/strong>. Ao alugar o equipamento, as empresas evitam custos com a compra, manuten\u00e7\u00e3o, seguro e armazenamento.&nbsp;<\/p>\n\n\n\n<ul class=\"wp-block-list\">\n<li><a href=\"https:\/\/www.porticoreal.com.br\/blog\/2025\/03\/13\/vantagens-do-portico-industrial-para-elevacao-de-cargas-em-grandes-obras\/\">Vantagens do P\u00f3rtico Industrial para Eleva\u00e7\u00e3o de Cargas em Grandes Obras<\/a><\/li>\n<\/ul>\n\n\n\n<h2 class=\"wp-block-heading\">Aplica\u00e7\u00f5es do balancim<\/h2>\n\n\n\n<p class=\"wp-block-paragraph\">O balancim \u00e9 um <strong>equipamento vers\u00e1til<\/strong>, com diversas aplica\u00e7\u00f5es na constru\u00e7\u00e3o civil e em outras \u00e1reas que demandam trabalhos em altura. Sua estrutura, que permite a eleva\u00e7\u00e3o e movimenta\u00e7\u00e3o de cargas e pessoas, o torna uma ferramenta indispens\u00e1vel em diversos tipos de projetos.<\/p>\n\n\n\n<p class=\"wp-block-paragraph\">Na <strong>constru\u00e7\u00e3o civil<\/strong>, o balancim \u00e9 amplamente utilizado para:<\/p>\n\n\n\n<ul class=\"wp-block-list\">\n<li><strong>Pintura e revestimentos:<\/strong> A versatilidade do balancim permite alcan\u00e7ar \u00e1reas de dif\u00edcil acesso, como fachadas altas e detalhes arquitet\u00f4nicos, garantindo um acabamento uniforme e de qualidade;<br><\/li>\n\n\n\n<li><strong>Manuten\u00e7\u00e3o e reparos:<\/strong> O equipamento facilita a realiza\u00e7\u00e3o de servi\u00e7os de manuten\u00e7\u00e3o em fachadas, telhados e outras \u00e1reas elevadas, como a troca de vidros, reparos em estruturas e impermeabiliza\u00e7\u00e3o;<br><\/li>\n\n\n\n<li><strong>Instala\u00e7\u00e3o de vidros e fachadas:<\/strong> A precis\u00e3o e seguran\u00e7a que o balancim proporciona s\u00e3o ideais para a instala\u00e7\u00e3o de vidros e fachadas, garantindo um resultado impec\u00e1vel;<br><\/li>\n\n\n\n<li><strong>Limpeza de fachadas:<\/strong> A limpeza de fachadas, especialmente em pr\u00e9dios altos, \u00e9 uma tarefa complexa e que exige equipamentos especializados. O balancim permite realizar essa atividade de forma segura e eficiente;<br><\/li>\n\n\n\n<li><strong>Montagem de estruturas met\u00e1licas:<\/strong> O balancim \u00e9 utilizado para a montagem de estruturas met\u00e1licas em altura, como vigas e colunas, facilitando o trabalho e garantindo a precis\u00e3o.<\/li>\n<\/ul>\n\n\n\n<p class=\"wp-block-paragraph\">Al\u00e9m da constru\u00e7\u00e3o civil, o balancim tamb\u00e9m pode ser utilizado em<strong> outras \u00e1reas<\/strong>, como:<\/p>\n\n\n\n<ul class=\"wp-block-list\">\n<li><strong>Ind\u00fastria:<\/strong> Para realizar trabalhos de manuten\u00e7\u00e3o em equipamentos e estruturas elevadas;<br><\/li>\n\n\n\n<li><strong>Sinaliza\u00e7\u00e3o:<\/strong> Para a instala\u00e7\u00e3o de placas e lumin\u00e1rias em locais de dif\u00edcil acesso;<br><\/li>\n\n\n\n<li><strong>Telecomunica\u00e7\u00f5es:<\/strong> Na instala\u00e7\u00e3o e manuten\u00e7\u00e3o de antenas e outros equipamentos em torres e postes.<\/li>\n<\/ul>\n\n\n\n<h2 class=\"wp-block-heading\">Fatores a considerar na loca\u00e7\u00e3o de balancim<\/h2>\n\n\n\n<p class=\"wp-block-paragraph\">A escolha do balancim ideal para um projeto exige uma an\u00e1lise cuidadosa de diversos fatores. A decis\u00e3o certa garantir\u00e1 a seguran\u00e7a dos trabalhadores, a efici\u00eancia do trabalho e a otimiza\u00e7\u00e3o dos recursos.<\/p>\n\n\n\n<p class=\"wp-block-paragraph\"><strong>Tipo de balancim:<\/strong> Existem diversos tipos de balancins dispon\u00edveis no mercado, cada um com suas caracter\u00edsticas e aplica\u00e7\u00f5es espec\u00edficas. Balancins manuais, el\u00e9tricos e suspensos possuem capacidades de carga, alturas de trabalho e funcionalidades distintas. \u00c9 fundamental escolher o modelo que melhor se adapta \u00e0s necessidades do projeto.<\/p>\n\n\n\n<p class=\"wp-block-paragraph\"><strong>Capacidade de carga:<\/strong> A capacidade de carga do balancim \u00e9 um fator crucial. \u00c9 preciso garantir que o equipamento suporte o peso dos trabalhadores, ferramentas e materiais que ser\u00e3o utilizados, com uma margem de seguran\u00e7a adequada. A sobrecarga do equipamento pode comprometer sua estabilidade e seguran\u00e7a.<\/p>\n\n\n\n<p class=\"wp-block-paragraph\"><strong>Altura de trabalho:<\/strong> A altura m\u00e1xima que o balancim pode alcan\u00e7ar deve ser suficiente para a realiza\u00e7\u00e3o das tarefas. \u00c9 importante considerar a altura das edifica\u00e7\u00f5es, a dist\u00e2ncia entre os pontos de ancoragem e a altura necess\u00e1ria para a execu\u00e7\u00e3o das atividades.<\/p>\n\n\n\n<p class=\"wp-block-paragraph\"><strong>Normas de seguran\u00e7a:<\/strong> A utiliza\u00e7\u00e3o de balancins est\u00e1 sujeita a normas de seguran\u00e7a espec\u00edficas, como a NR-18. \u00c9 fundamental que a empresa de loca\u00e7\u00e3o garanta que os equipamentos est\u00e3o em conformidade com as normas e que os operadores recebam o treinamento adequado.<\/p>\n\n\n\n<p class=\"wp-block-paragraph\">Ao considerar todos esses fatores, \u00e9 poss\u00edvel escolher o balancim ideal para cada projeto, garantindo a seguran\u00e7a dos trabalhadores, a qualidade do trabalho e a otimiza\u00e7\u00e3o dos recursos.<\/p>\n\n\n\n<ul class=\"wp-block-list\">\n<li><a href=\"https:\/\/www.porticoreal.com.br\/blog\/2025\/03\/13\/porticos-em-estruturas-metalicas-vantagens-e-aplicacoes-praticas\/\">P\u00f3rticos em Estruturas Met\u00e1licas: Vantagens e Aplica\u00e7\u00f5es Pr\u00e1ticas<\/a><\/li>\n<\/ul>\n\n\n\n<h2 class=\"wp-block-heading\">A P\u00f3rtico Real: sua parceira ideal em loca\u00e7\u00e3o de balancins<\/h2>\n\n\n\n<p class=\"wp-block-paragraph\">Com mais de <strong>43 anos de experi\u00eancia<\/strong> no mercado, a P\u00f3rtico Real se destaca como uma refer\u00eancia em loca\u00e7\u00e3o de balancins e andaimes. A empresa possui um hist\u00f3rico consolidado em projetos de grande porte, oferecendo solu\u00e7\u00f5es completas e personalizadas para atender \u00e0s mais diversas necessidades de seus clientes.<\/p>\n\n\n\n<p class=\"wp-block-paragraph\">A <strong>P\u00f3rtico Real <\/strong>se diferencia pela sua expertise em seguran\u00e7a. Essa preocupa\u00e7\u00e3o com a seguran\u00e7a \u00e9 um dos pilares da empresa e se reflete em todos os seus processos, desde a escolha dos equipamentos at\u00e9 o treinamento dos colaboradores.<\/p>\n\n\n\n<p class=\"wp-block-paragraph\">Al\u00e9m da seguran\u00e7a, a P\u00f3rtico Real se destaca pela qualidade dos seus servi\u00e7os. A empresa possui uma equipe altamente qualificada e experiente, que oferece um atendimento personalizado e acompanha de perto cada projeto, garantindo a satisfa\u00e7\u00e3o dos clientes.<\/p>\n\n\n\n<p class=\"wp-block-paragraph\">Ao escolher a P\u00f3rtico Real, voc\u00ea ter\u00e1 acesso a uma ampla gama de servi\u00e7os, incluindo:<\/p>\n\n\n\n<ul class=\"wp-block-list\">\n<li><strong>Loca\u00e7\u00e3o de balancins:<\/strong> A empresa oferece uma variedade de modelos de balancins, com diferentes capacidades de carga e alturas de trabalho, para atender \u00e0s mais diversas necessidades.<\/li>\n\n\n\n<li><strong>Loca\u00e7\u00e3o de andaimes:<\/strong> A P\u00f3rtico Real tamb\u00e9m oferece solu\u00e7\u00f5es em andaimes, para trabalhos em diferentes alturas e configura\u00e7\u00f5es.<\/li>\n\n\n\n<li><strong>Projetos e instala\u00e7\u00f5es:<\/strong> A empresa desenvolve projetos personalizados e realiza a instala\u00e7\u00e3o dos equipamentos, garantindo a seguran\u00e7a e a efici\u00eancia do trabalho.<\/li>\n<\/ul>\n\n\n\n<p class=\"wp-block-paragraph\">Com a P\u00f3rtico Real, voc\u00ea ter\u00e1 um parceiro confi\u00e1vel para seus projetos, com solu\u00e7\u00f5es completas e personalizadas, que garantem seguran\u00e7a, qualidade e efici\u00eancia.<\/p>\n\n\n\n<ul class=\"wp-block-list\">\n<li><a href=\"https:\/\/www.porticoreal.com.br\/blog\/2025\/03\/13\/tipos-de-porticos-de-entrada-para-diferentes-tipos-de-construcoes\/\">Tipos de p\u00f3rticos de entrada para diferentes tipos de constru\u00e7\u00f5es<\/a><\/li>\n<\/ul>\n\n\n\n<h2 class=\"wp-block-heading\">Eleve seus projetos com a P\u00f3rtico Real<\/h2>\n\n\n\n<p class=\"wp-block-paragraph\">A loca\u00e7\u00e3o de balancins \u00e9 uma solu\u00e7\u00e3o pr\u00e1tica e eficiente para diversas tarefas em altura. Ao escolher uma empresa de loca\u00e7\u00e3o, \u00e9 fundamental considerar fatores como tipo de balancim, capacidade de carga, altura de trabalho e normas de seguran\u00e7a.&nbsp;<\/p>\n\n\n\n<p class=\"wp-block-paragraph\">A<strong> P\u00f3rtico Real <\/strong>\u00e9 a sua melhor op\u00e7\u00e3o em S\u00e3o Paulo, oferecendo equipamentos de qualidade, atendimento personalizado e pre\u00e7os competitivos. Entre em contato conosco e solicite um or\u00e7amento!<\/p>\n","protected":false},"excerpt":{"rendered":"<p>Precisa alugar um balancim em SP? A P\u00f3rtico Real te mostra como escolher o equipamento ideal, garantir a seguran\u00e7a da sua equipe e otimizar seus projetos. Em um cen\u00e1rio de constru\u00e7\u00e3o civil cada vez mais exigente, a seguran\u00e7a e a efici\u00eancia s\u00e3o fatores cruciais. A loca\u00e7\u00e3o de balancins tem se mostrado uma solu\u00e7\u00e3o pr\u00e1tica e &hellip; <\/p>\n","protected":false},"author":1,"featured_media":84,"comment_status":"open","ping_status":"open","sticky":false,"template":"","format":"standard","meta":{"footnotes":""},"categories":[48],"tags":[],"class_list":["post-83","post","type-post","status-publish","format-standard","has-post-thumbnail","hentry","category-balancim"],"yoast_head":"<!-- This site is optimized with the Yoast SEO plugin v24.6 - https:\/\/yoast.com\/wordpress\/plugins\/seo\/ -->\n<title>Loca\u00e7\u00e3o de balancim em SP: o que considerar antes de alugar? - Blog P\u00f3rtico Real<\/title>\n<meta name=\"description\" content=\"A P\u00f3rtico Real te mostra como escolher o equipamento ideal, garantir a seguran\u00e7a da sua equipe ao fazer a loca\u00e7\u00e3o de balancim.\" \/>\n<meta name=\"robots\" content=\"index, follow, max-snippet:-1, max-image-preview:large, max-video-preview:-1\" \/>\n<link rel=\"canonical\" href=\"https:\/\/www.porticoreal.com.br\/blog\/2026\/02\/12\/locacao-de-balancim-em-sp-o-que-considerar-antes-de-alugar\/\" \/>\n<meta property=\"og:locale\" content=\"pt_BR\" \/>\n<meta property=\"og:type\" content=\"article\" \/>\n<meta property=\"og:title\" content=\"Loca\u00e7\u00e3o de balancim em SP: o que considerar antes de alugar? - Blog P\u00f3rtico Real\" \/>\n<meta property=\"og:description\" content=\"A P\u00f3rtico Real te mostra como escolher o equipamento ideal, garantir a seguran\u00e7a da sua equipe ao fazer a loca\u00e7\u00e3o de balancim.\" \/>\n<meta property=\"og:url\" content=\"https:\/\/www.porticoreal.com.br\/blog\/2026\/02\/12\/locacao-de-balancim-em-sp-o-que-considerar-antes-de-alugar\/\" \/>\n<meta property=\"og:site_name\" content=\"Blog P\u00f3rtico Real\" \/>\n<meta property=\"article:published_time\" content=\"2026-02-12T17:57:17+00:00\" \/>\n<meta property=\"article:modified_time\" content=\"2026-07-17T12:28:50+00:00\" \/>\n<meta property=\"og:image\" content=\"https:\/\/www.porticoreal.com.br\/blog\/wp-content\/uploads\/2025\/03\/2-2.webp\" \/>\n\t<meta property=\"og:image:width\" content=\"600\" \/>\n\t<meta property=\"og:image:height\" content=\"450\" \/>\n\t<meta property=\"og:image:type\" content=\"image\/webp\" \/>\n<meta name=\"author\" content=\"admin\" \/>\n<meta name=\"twitter:card\" content=\"summary_large_image\" \/>\n<meta name=\"twitter:label1\" content=\"Escrito por\" \/>\n\t<meta name=\"twitter:data1\" content=\"admin\" \/>\n\t<meta name=\"twitter:label2\" content=\"Est. tempo de leitura\" \/>\n\t<meta name=\"twitter:data2\" content=\"7 minutos\" \/>\n<script type=\"application\/ld+json\" class=\"yoast-schema-graph\">{\"@context\":\"https:\/\/schema.org\",\"@graph\":[{\"@type\":\"Article\",\"@id\":\"https:\/\/www.porticoreal.com.br\/blog\/2026\/02\/12\/locacao-de-balancim-em-sp-o-que-considerar-antes-de-alugar\/#article\",\"isPartOf\":{\"@id\":\"https:\/\/www.porticoreal.com.br\/blog\/2026\/02\/12\/locacao-de-balancim-em-sp-o-que-considerar-antes-de-alugar\/\"},\"author\":{\"name\":\"admin\",\"@id\":\"https:\/\/www.porticoreal.com.br\/blog\/#\/schema\/person\/e2168a80834d41498447950470082b6f\"},\"headline\":\"Loca\u00e7\u00e3o de balancim em SP: o que considerar antes de alugar?\",\"datePublished\":\"2026-02-12T17:57:17+00:00\",\"dateModified\":\"2026-07-17T12:28:50+00:00\",\"mainEntityOfPage\":{\"@id\":\"https:\/\/www.porticoreal.com.br\/blog\/2026\/02\/12\/locacao-de-balancim-em-sp-o-que-considerar-antes-de-alugar\/\"},\"wordCount\":1270,\"commentCount\":0,\"publisher\":{\"@id\":\"https:\/\/www.porticoreal.com.br\/blog\/#organization\"},\"image\":{\"@id\":\"https:\/\/www.porticoreal.com.br\/blog\/2026\/02\/12\/locacao-de-balancim-em-sp-o-que-considerar-antes-de-alugar\/#primaryimage\"},\"thumbnailUrl\":\"https:\/\/www.porticoreal.com.br\/blog\/wp-content\/uploads\/2025\/03\/2-2.webp\",\"articleSection\":[\"Balancim\"],\"inLanguage\":\"pt-BR\",\"potentialAction\":[{\"@type\":\"CommentAction\",\"name\":\"Comment\",\"target\":[\"https:\/\/www.porticoreal.com.br\/blog\/2026\/02\/12\/locacao-de-balancim-em-sp-o-que-considerar-antes-de-alugar\/#respond\"]}]},{\"@type\":\"WebPage\",\"@id\":\"https:\/\/www.porticoreal.com.br\/blog\/2026\/02\/12\/locacao-de-balancim-em-sp-o-que-considerar-antes-de-alugar\/\",\"url\":\"https:\/\/www.porticoreal.com.br\/blog\/2026\/02\/12\/locacao-de-balancim-em-sp-o-que-considerar-antes-de-alugar\/\",\"name\":\"Loca\u00e7\u00e3o de balancim em SP: o que considerar antes de alugar? - Blog P\u00f3rtico Real\",\"isPartOf\":{\"@id\":\"https:\/\/www.porticoreal.com.br\/blog\/#website\"},\"primaryImageOfPage\":{\"@id\":\"https:\/\/www.porticoreal.com.br\/blog\/2026\/02\/12\/locacao-de-balancim-em-sp-o-que-considerar-antes-de-alugar\/#primaryimage\"},\"image\":{\"@id\":\"https:\/\/www.porticoreal.com.br\/blog\/2026\/02\/12\/locacao-de-balancim-em-sp-o-que-considerar-antes-de-alugar\/#primaryimage\"},\"thumbnailUrl\":\"https:\/\/www.porticoreal.com.br\/blog\/wp-content\/uploads\/2025\/03\/2-2.webp\",\"datePublished\":\"2026-02-12T17:57:17+00:00\",\"dateModified\":\"2026-07-17T12:28:50+00:00\",\"description\":\"A P\u00f3rtico Real te mostra como escolher o equipamento ideal, garantir a seguran\u00e7a da sua equipe ao fazer a loca\u00e7\u00e3o de balancim.\",\"breadcrumb\":{\"@id\":\"https:\/\/www.porticoreal.com.br\/blog\/2026\/02\/12\/locacao-de-balancim-em-sp-o-que-considerar-antes-de-alugar\/#breadcrumb\"},\"inLanguage\":\"pt-BR\",\"potentialAction\":[{\"@type\":\"ReadAction\",\"target\":[\"https:\/\/www.porticoreal.com.br\/blog\/2026\/02\/12\/locacao-de-balancim-em-sp-o-que-considerar-antes-de-alugar\/\"]}]},{\"@type\":\"ImageObject\",\"inLanguage\":\"pt-BR\",\"@id\":\"https:\/\/www.porticoreal.com.br\/blog\/2026\/02\/12\/locacao-de-balancim-em-sp-o-que-considerar-antes-de-alugar\/#primaryimage\",\"url\":\"https:\/\/www.porticoreal.com.br\/blog\/wp-content\/uploads\/2025\/03\/2-2.webp\",\"contentUrl\":\"https:\/\/www.porticoreal.com.br\/blog\/wp-content\/uploads\/2025\/03\/2-2.webp\",\"width\":600,\"height\":450,\"caption\":\"Balancins com diversos acessos: por que voc\u00ea precisa investir agora para otimizar sua obra?\"},{\"@type\":\"BreadcrumbList\",\"@id\":\"https:\/\/www.porticoreal.com.br\/blog\/2026\/02\/12\/locacao-de-balancim-em-sp-o-que-considerar-antes-de-alugar\/#breadcrumb\",\"itemListElement\":[{\"@type\":\"ListItem\",\"position\":1,\"name\":\"In\u00edcio\",\"item\":\"https:\/\/www.porticoreal.com.br\/blog\/\"},{\"@type\":\"ListItem\",\"position\":2,\"name\":\"Loca\u00e7\u00e3o de balancim em SP: o que considerar antes de alugar?\"}]},{\"@type\":\"WebSite\",\"@id\":\"https:\/\/www.porticoreal.com.br\/blog\/#website\",\"url\":\"https:\/\/www.porticoreal.com.br\/blog\/\",\"name\":\"Blog P\u00f3rtico Real\",\"description\":\"\",\"publisher\":{\"@id\":\"https:\/\/www.porticoreal.com.br\/blog\/#organization\"},\"potentialAction\":[{\"@type\":\"SearchAction\",\"target\":{\"@type\":\"EntryPoint\",\"urlTemplate\":\"https:\/\/www.porticoreal.com.br\/blog\/?s={search_term_string}\"},\"query-input\":{\"@type\":\"PropertyValueSpecification\",\"valueRequired\":true,\"valueName\":\"search_term_string\"}}],\"inLanguage\":\"pt-BR\"},{\"@type\":\"Organization\",\"@id\":\"https:\/\/www.porticoreal.com.br\/blog\/#organization\",\"name\":\"Blog P\u00f3rtico Real\",\"url\":\"https:\/\/www.porticoreal.com.br\/blog\/\",\"logo\":{\"@type\":\"ImageObject\",\"inLanguage\":\"pt-BR\",\"@id\":\"https:\/\/www.porticoreal.com.br\/blog\/#\/schema\/logo\/image\/\",\"url\":\"https:\/\/www.porticoreal.com.br\/blog\/wp-content\/uploads\/2025\/02\/imagem_2025-02-18_104417132.png\",\"contentUrl\":\"https:\/\/www.porticoreal.com.br\/blog\/wp-content\/uploads\/2025\/02\/imagem_2025-02-18_104417132.png\",\"width\":120,\"height\":73,\"caption\":\"Blog P\u00f3rtico Real\"},\"image\":{\"@id\":\"https:\/\/www.porticoreal.com.br\/blog\/#\/schema\/logo\/image\/\"}},{\"@type\":\"Person\",\"@id\":\"https:\/\/www.porticoreal.com.br\/blog\/#\/schema\/person\/e2168a80834d41498447950470082b6f\",\"name\":\"admin\",\"image\":{\"@type\":\"ImageObject\",\"inLanguage\":\"pt-BR\",\"@id\":\"https:\/\/www.porticoreal.com.br\/blog\/#\/schema\/person\/image\/\",\"url\":\"https:\/\/secure.gravatar.com\/avatar\/f3273dd18d95bc19d51d3e6356e4a679e6f13824497272a270e7bb540b0abb9d?s=96&d=mm&r=g\",\"contentUrl\":\"https:\/\/secure.gravatar.com\/avatar\/f3273dd18d95bc19d51d3e6356e4a679e6f13824497272a270e7bb540b0abb9d?s=96&d=mm&r=g\",\"caption\":\"admin\"},\"sameAs\":[\"https:\/\/www.porticoreal.com.br\/blog\"],\"url\":\"https:\/\/www.porticoreal.com.br\/blog\/author\/admin\/\"}]}<\/script>\n<!-- \/ Yoast SEO plugin. -->","yoast_head_json":{"title":"Loca\u00e7\u00e3o de balancim em SP: o que considerar antes de alugar? - Blog P\u00f3rtico Real","description":"A P\u00f3rtico Real te mostra como escolher o equipamento ideal, garantir a seguran\u00e7a da sua equipe ao fazer a loca\u00e7\u00e3o de balancim.","robots":{"index":"index","follow":"follow","max-snippet":"max-snippet:-1","max-image-preview":"max-image-preview:large","max-video-preview":"max-video-preview:-1"},"canonical":"https:\/\/www.porticoreal.com.br\/blog\/2026\/02\/12\/locacao-de-balancim-em-sp-o-que-considerar-antes-de-alugar\/","og_locale":"pt_BR","og_type":"article","og_title":"Loca\u00e7\u00e3o de balancim em SP: o que considerar antes de alugar? - Blog P\u00f3rtico Real","og_description":"A P\u00f3rtico Real te mostra como escolher o equipamento ideal, garantir a seguran\u00e7a da sua equipe ao fazer a loca\u00e7\u00e3o de balancim.","og_url":"https:\/\/www.porticoreal.com.br\/blog\/2026\/02\/12\/locacao-de-balancim-em-sp-o-que-considerar-antes-de-alugar\/","og_site_name":"Blog P\u00f3rtico Real","article_published_time":"2026-02-12T17:57:17+00:00","article_modified_time":"2026-07-17T12:28:50+00:00","og_image":[{"width":600,"height":450,"url":"https:\/\/www.porticoreal.com.br\/blog\/wp-content\/uploads\/2025\/03\/2-2.webp","type":"image\/webp"}],"author":"admin","twitter_card":"summary_large_image","twitter_misc":{"Escrito por":"admin","Est. tempo de leitura":"7 minutos"},"schema":{"@context":"https:\/\/schema.org","@graph":[{"@type":"Article","@id":"https:\/\/www.porticoreal.com.br\/blog\/2026\/02\/12\/locacao-de-balancim-em-sp-o-que-considerar-antes-de-alugar\/#article","isPartOf":{"@id":"https:\/\/www.porticoreal.com.br\/blog\/2026\/02\/12\/locacao-de-balancim-em-sp-o-que-considerar-antes-de-alugar\/"},"author":{"name":"admin","@id":"https:\/\/www.porticoreal.com.br\/blog\/#\/schema\/person\/e2168a80834d41498447950470082b6f"},"headline":"Loca\u00e7\u00e3o de balancim em SP: o que considerar antes de alugar?","datePublished":"2026-02-12T17:57:17+00:00","dateModified":"2026-07-17T12:28:50+00:00","mainEntityOfPage":{"@id":"https:\/\/www.porticoreal.com.br\/blog\/2026\/02\/12\/locacao-de-balancim-em-sp-o-que-considerar-antes-de-alugar\/"},"wordCount":1270,"commentCount":0,"publisher":{"@id":"https:\/\/www.porticoreal.com.br\/blog\/#organization"},"image":{"@id":"https:\/\/www.porticoreal.com.br\/blog\/2026\/02\/12\/locacao-de-balancim-em-sp-o-que-considerar-antes-de-alugar\/#primaryimage"},"thumbnailUrl":"https:\/\/www.porticoreal.com.br\/blog\/wp-content\/uploads\/2025\/03\/2-2.webp","articleSection":["Balancim"],"inLanguage":"pt-BR","potentialAction":[{"@type":"CommentAction","name":"Comment","target":["https:\/\/www.porticoreal.com.br\/blog\/2026\/02\/12\/locacao-de-balancim-em-sp-o-que-considerar-antes-de-alugar\/#respond"]}]},{"@type":"WebPage","@id":"https:\/\/www.porticoreal.com.br\/blog\/2026\/02\/12\/locacao-de-balancim-em-sp-o-que-considerar-antes-de-alugar\/","url":"https:\/\/www.porticoreal.com.br\/blog\/2026\/02\/12\/locacao-de-balancim-em-sp-o-que-considerar-antes-de-alugar\/","name":"Loca\u00e7\u00e3o de balancim em SP: o que considerar antes de alugar? - Blog P\u00f3rtico Real","isPartOf":{"@id":"https:\/\/www.porticoreal.com.br\/blog\/#website"},"primaryImageOfPage":{"@id":"https:\/\/www.porticoreal.com.br\/blog\/2026\/02\/12\/locacao-de-balancim-em-sp-o-que-considerar-antes-de-alugar\/#primaryimage"},"image":{"@id":"https:\/\/www.porticoreal.com.br\/blog\/2026\/02\/12\/locacao-de-balancim-em-sp-o-que-considerar-antes-de-alugar\/#primaryimage"},"thumbnailUrl":"https:\/\/www.porticoreal.com.br\/blog\/wp-content\/uploads\/2025\/03\/2-2.webp","datePublished":"2026-02-12T17:57:17+00:00","dateModified":"2026-07-17T12:28:50+00:00","description":"A P\u00f3rtico Real te mostra como escolher o equipamento ideal, garantir a seguran\u00e7a da sua equipe ao fazer a loca\u00e7\u00e3o de balancim.","breadcrumb":{"@id":"https:\/\/www.porticoreal.com.br\/blog\/2026\/02\/12\/locacao-de-balancim-em-sp-o-que-considerar-antes-de-alugar\/#breadcrumb"},"inLanguage":"pt-BR","potentialAction":[{"@type":"ReadAction","target":["https:\/\/www.porticoreal.com.br\/blog\/2026\/02\/12\/locacao-de-balancim-em-sp-o-que-considerar-antes-de-alugar\/"]}]},{"@type":"ImageObject","inLanguage":"pt-BR","@id":"https:\/\/www.porticoreal.com.br\/blog\/2026\/02\/12\/locacao-de-balancim-em-sp-o-que-considerar-antes-de-alugar\/#primaryimage","url":"https:\/\/www.porticoreal.com.br\/blog\/wp-content\/uploads\/2025\/03\/2-2.webp","contentUrl":"https:\/\/www.porticoreal.com.br\/blog\/wp-content\/uploads\/2025\/03\/2-2.webp","width":600,"height":450,"caption":"Balancins com diversos acessos: por que voc\u00ea precisa investir agora para otimizar sua obra?"},{"@type":"BreadcrumbList","@id":"https:\/\/www.porticoreal.com.br\/blog\/2026\/02\/12\/locacao-de-balancim-em-sp-o-que-considerar-antes-de-alugar\/#breadcrumb","itemListElement":[{"@type":"ListItem","position":1,"name":"In\u00edcio","item":"https:\/\/www.porticoreal.com.br\/blog\/"},{"@type":"ListItem","position":2,"name":"Loca\u00e7\u00e3o de balancim em SP: o que considerar antes de alugar?"}]},{"@type":"WebSite","@id":"https:\/\/www.porticoreal.com.br\/blog\/#website","url":"https:\/\/www.porticoreal.com.br\/blog\/","name":"Blog P\u00f3rtico Real","description":"","publisher":{"@id":"https:\/\/www.porticoreal.com.br\/blog\/#organization"},"potentialAction":[{"@type":"SearchAction","target":{"@type":"EntryPoint","urlTemplate":"https:\/\/www.porticoreal.com.br\/blog\/?s={search_term_string}"},"query-input":{"@type":"PropertyValueSpecification","valueRequired":true,"valueName":"search_term_string"}}],"inLanguage":"pt-BR"},{"@type":"Organization","@id":"https:\/\/www.porticoreal.com.br\/blog\/#organization","name":"Blog P\u00f3rtico Real","url":"https:\/\/www.porticoreal.com.br\/blog\/","logo":{"@type":"ImageObject","inLanguage":"pt-BR","@id":"https:\/\/www.porticoreal.com.br\/blog\/#\/schema\/logo\/image\/","url":"https:\/\/www.porticoreal.com.br\/blog\/wp-content\/uploads\/2025\/02\/imagem_2025-02-18_104417132.png","contentUrl":"https:\/\/www.porticoreal.com.br\/blog\/wp-content\/uploads\/2025\/02\/imagem_2025-02-18_104417132.png","width":120,"height":73,"caption":"Blog P\u00f3rtico Real"},"image":{"@id":"https:\/\/www.porticoreal.com.br\/blog\/#\/schema\/logo\/image\/"}},{"@type":"Person","@id":"https:\/\/www.porticoreal.com.br\/blog\/#\/schema\/person\/e2168a80834d41498447950470082b6f","name":"admin","image":{"@type":"ImageObject","inLanguage":"pt-BR","@id":"https:\/\/www.porticoreal.com.br\/blog\/#\/schema\/person\/image\/","url":"https:\/\/secure.gravatar.com\/avatar\/f3273dd18d95bc19d51d3e6356e4a679e6f13824497272a270e7bb540b0abb9d?s=96&d=mm&r=g","contentUrl":"https:\/\/secure.gravatar.com\/avatar\/f3273dd18d95bc19d51d3e6356e4a679e6f13824497272a270e7bb540b0abb9d?s=96&d=mm&r=g","caption":"admin"},"sameAs":["https:\/\/www.porticoreal.com.br\/blog"],"url":"https:\/\/www.porticoreal.com.br\/blog\/author\/admin\/"}]}},"_links":{"self":[{"href":"https:\/\/www.porticoreal.com.br\/blog\/wp-json\/wp\/v2\/posts\/83","targetHints":{"allow":["GET"]}}],"collection":[{"href":"https:\/\/www.porticoreal.com.br\/blog\/wp-json\/wp\/v2\/posts"}],"about":[{"href":"https:\/\/www.porticoreal.com.br\/blog\/wp-json\/wp\/v2\/types\/post"}],"author":[{"embeddable":true,"href":"https:\/\/www.porticoreal.com.br\/blog\/wp-json\/wp\/v2\/users\/1"}],"replies":[{"embeddable":true,"href":"https:\/\/www.porticoreal.com.br\/blog\/wp-json\/wp\/v2\/comments?post=83"}],"version-history":[{"count":2,"href":"https:\/\/www.porticoreal.com.br\/blog\/wp-json\/wp\/v2\/posts\/83\/revisions"}],"predecessor-version":[{"id":303,"href":"https:\/\/www.porticoreal.com.br\/blog\/wp-json\/wp\/v2\/posts\/83\/revisions\/303"}],"wp:featuredmedia":[{"embeddable":true,"href":"https:\/\/www.porticoreal.com.br\/blog\/wp-json\/wp\/v2\/media\/84"}],"wp:attachment":[{"href":"https:\/\/www.porticoreal.com.br\/blog\/wp-json\/wp\/v2\/media?parent=83"}],"wp:term":[{"taxonomy":"category","embeddable":true,"href":"https:\/\/www.porticoreal.com.br\/blog\/wp-json\/wp\/v2\/categories?post=83"},{"taxonomy":"post_tag","embeddable":true,"href":"https:\/\/www.porticoreal.com.br\/blog\/wp-json\/wp\/v2\/tags?post=83"}],"curies":[{"name":"wp","href":"https:\/\/api.w.org\/{rel}","templated":true}]}}