{"id":371,"date":"2026-06-25T09:05:43","date_gmt":"2026-06-25T12:05:43","guid":{"rendered":"https:\/\/www.porticoreal.com.br\/blog\/?p=371"},"modified":"2026-07-17T09:15:13","modified_gmt":"2026-07-17T12:15:13","slug":"melhores-equipamentos-para-trabalho-em-altura","status":"publish","type":"post","link":"https:\/\/www.porticoreal.com.br\/blog\/2026\/06\/25\/melhores-equipamentos-para-trabalho-em-altura\/","title":{"rendered":"Melhores equipamentos para trabalho em altura"},"content":{"rendered":"\n<p class=\"has-medium-font-size wp-block-paragraph\"><strong><em>Descubra quais equipamentos para trabalho em altura s\u00e3o obrigat\u00f3rios, seguros e normatizados para sua obra. Guia t\u00e9cnico completo para quem decide com responsabilidade.<\/em><\/strong><\/p>\n\n\n\n<p class=\"wp-block-paragraph\">Queda de altura continua sendo uma das principais causas de acidentes fatais em canteiros de obras no Brasil. A NR-35 do Minist\u00e9rio do Trabalho existe exatamente para estabelecer os requisitos m\u00ednimos de seguran\u00e7a para qualquer atividade realizada acima de 2 metros do n\u00edvel inferior.<\/p>\n\n\n\n<p class=\"wp-block-paragraph\"><strong>Escolher os equipamentos certos n\u00e3o \u00e9 apenas uma obriga\u00e7\u00e3o legal.<\/strong> \u00c9 uma decis\u00e3o que afeta diretamente a produtividade da equipe, o prazo da obra e a integridade f\u00edsica dos trabalhadores. Quem assina a ART e o PPRA sabe disso.<\/p>\n\n\n\n<p class=\"wp-block-paragraph\">O problema \u00e9 que o mercado oferece muitas op\u00e7\u00f5es e nem sempre fica claro qual solu\u00e7\u00e3o se encaixa melhor em cada cen\u00e1rio. Por isso, este guia foi pensado para engenheiros civis, t\u00e9cnicos de seguran\u00e7a e gestores de obra que precisam de refer\u00eancias t\u00e9cnicas concretas antes de tomar uma decis\u00e3o de compra ou loca\u00e7\u00e3o.<\/p>\n\n\n\n<h2 class=\"wp-block-heading\"><strong>Andaime tubular: a base do acesso vertical em grandes obras<\/strong><\/h2>\n\n\n<div class=\"wp-block-image is-style-rounded\">\n<figure class=\"alignright size-large is-resized\"><img loading=\"lazy\" decoding=\"async\" width=\"1024\" height=\"1024\" src=\"https:\/\/www.porticoreal.com.br\/blog\/wp-content\/uploads\/2026\/06\/ChatGPT-Image-25-de-jun.-de-2026-09_02_38-2-1024x1024.jpg\" alt=\"\" class=\"wp-image-374\" style=\"width:233px;height:auto\" srcset=\"https:\/\/www.porticoreal.com.br\/blog\/wp-content\/uploads\/2026\/06\/ChatGPT-Image-25-de-jun.-de-2026-09_02_38-2-1024x1024.jpg 1024w, https:\/\/www.porticoreal.com.br\/blog\/wp-content\/uploads\/2026\/06\/ChatGPT-Image-25-de-jun.-de-2026-09_02_38-2-300x300.jpg 300w, https:\/\/www.porticoreal.com.br\/blog\/wp-content\/uploads\/2026\/06\/ChatGPT-Image-25-de-jun.-de-2026-09_02_38-2-150x150.jpg 150w, https:\/\/www.porticoreal.com.br\/blog\/wp-content\/uploads\/2026\/06\/ChatGPT-Image-25-de-jun.-de-2026-09_02_38-2-768x768.jpg 768w, https:\/\/www.porticoreal.com.br\/blog\/wp-content\/uploads\/2026\/06\/ChatGPT-Image-25-de-jun.-de-2026-09_02_38-2-435x435.jpg 435w, https:\/\/www.porticoreal.com.br\/blog\/wp-content\/uploads\/2026\/06\/ChatGPT-Image-25-de-jun.-de-2026-09_02_38-2.jpg 1254w\" sizes=\"auto, (max-width: 1024px) 100vw, 1024px\" \/><\/figure>\n<\/div>\n\n\n<p class=\"wp-block-paragraph\">O <strong>andaime tubular<\/strong> \u00e9 a solu\u00e7\u00e3o mais vers\u00e1til para trabalhos em fachadas, estruturas verticais e per\u00edmetros de constru\u00e7\u00e3o. Formado por tubos de a\u00e7o galvanizado conectados por encaixes e abra\u00e7adeiras, permite configura\u00e7\u00f5es modulares que se adaptam a praticamente qualquer geometria de obra.<\/p>\n\n\n\n<p class=\"wp-block-paragraph\">Sua principal vantagem est\u00e1 na capacidade de carga distribu\u00edda e na estabilidade estrutural quando dimensionado e montado corretamente. Um andaime fora de norma, por\u00e9m, vira armadilha.<\/p>\n\n\n\n<p class=\"wp-block-paragraph\">A P\u00f3rtico Real trabalha com <a href=\"https:\/\/www.porticoreal.com.br\/andaime-tubular\">andaime tubular<\/a> em configura\u00e7\u00f5es que atendem \u00e0s exig\u00eancias t\u00e9cnicas de obras residenciais, comerciais e industriais, com foco em seguran\u00e7a e otimiza\u00e7\u00e3o de custo por metro quadrado de fachada.<\/p>\n\n\n\n<ul class=\"wp-block-list\">\n<li><a href=\"https:\/\/www.porticoreal.com.br\/blog\/2026\/06\/18\/porticos-em-estruturas-metalicas-vantagens-e-aplicacoes-praticas\/\">P\u00f3rticos em estruturas met\u00e1licas: guia pr\u00e1tico<\/a><\/li>\n<\/ul>\n\n\n\n<h2 class=\"wp-block-heading\"><strong>Balancim: mobilidade controlada em equipamentos para trabalho em altura<\/strong><\/h2>\n\n\n\n<p class=\"wp-block-paragraph\">Onde o andaime fixo n\u00e3o \u00e9 vi\u00e1vel (por custo, prazo ou geometria da edifica\u00e7\u00e3o), o <strong>balancim<\/strong> se torna o equipamento ideal. Suspenso por cabos de a\u00e7o a partir de estruturas de sustenta\u00e7\u00e3o no teto ou cobertura, ele permite o deslocamento vertical e horizontal de operadores ao longo da fachada.<\/p>\n\n\n\n<p class=\"wp-block-paragraph\">Existem diferentes categorias dispon\u00edveis, e a escolha depende do perfil da obra.<\/p>\n\n\n\n<ul class=\"wp-block-list\">\n<li><strong>Balancim el\u00e9trico<\/strong> para grandes edifica\u00e7\u00f5es com uso cont\u00ednuo<\/li>\n\n\n\n<li><strong>Balancim manual<\/strong> para trabalhos pontuais de menor altura<\/li>\n\n\n\n<li><strong>Balancim de dois pontos<\/strong> para cargas distribu\u00eddas e equipes maiores<\/li>\n<\/ul>\n\n\n\n<p class=\"wp-block-paragraph\"><\/p>\n\n\n\n<p class=\"wp-block-paragraph\">A P\u00f3rtico Real disponibiliza uma linha completa de <a href=\"https:\/\/www.porticoreal.com.br\/balancim-diversos-acessos\">balancins para diversos acessos<\/a>, com suporte de engenharia para dimensionamento da estrutura de sustenta\u00e7\u00e3o e defini\u00e7\u00e3o do sistema de i\u00e7amento mais adequado.<\/p>\n\n\n\n<ul class=\"wp-block-list\">\n<li><a href=\"https:\/\/www.porticoreal.com.br\/blog\/2026\/06\/05\/equipamento-para-icamento-de-cargas-com-mais-seguranca\/\">Saiba escolher equipamento para i\u00e7amento de cargas com mais seguran\u00e7a<\/a><\/li>\n<\/ul>\n\n\n\n<h2 class=\"wp-block-heading\"><strong>Sistemas de ancoragem e linha de vida: prote\u00e7\u00e3o coletiva e individual integradas<\/strong><\/h2>\n\n\n\n<p class=\"wp-block-paragraph\"><strong>Ancoragem e linha de vida<\/strong> formam o n\u00facleo do sistema de prote\u00e7\u00e3o contra quedas em qualquer obra que envolva acesso a fachadas ou coberturas. S\u00e3o equipamentos para trabalho em altura que protegem o trabalhador mesmo quando o erro humano acontece.<\/p>\n\n\n\n<p class=\"wp-block-paragraph\">O ponto de ancoragem precisa ser projetado para suportar cargas de impacto, n\u00e3o apenas cargas est\u00e1ticas. Isso exige c\u00e1lculo estrutural espec\u00edfico e materiais certificados. A linha de vida horizontal ou vertical determina o raio de mobilidade seguro do colaborador.<\/p>\n\n\n\n<p class=\"wp-block-paragraph\">Na P\u00f3rtico Real, a linha de <a href=\"https:\/\/www.porticoreal.com.br\/ancoragem-linha-de-vida-e-manutencao-de-fachada\">ancoragem, linha de vida e dispositivos para manuten\u00e7\u00e3o de fachadas<\/a> cobre desde instala\u00e7\u00f5es pontuais at\u00e9 sistemas permanentes projetados para edif\u00edcios corporativos que exigem manuten\u00e7\u00e3o peri\u00f3dica de fachada.<\/p>\n\n\n\n<ul class=\"wp-block-list\">\n<li><a href=\"https:\/\/www.porticoreal.com.br\/blog\/2026\/06\/03\/seguranca-em-canteiro-de-obras-regras-da-nr-18\/\">Seguran\u00e7a em canteiro de obras: regras da NR-18<\/a><\/li>\n<\/ul>\n\n\n\n<h2 class=\"wp-block-heading\"><strong>Bandeja perif\u00e9rica e cadeirinha: prote\u00e7\u00e3o coletiva e acesso individual<\/strong><\/h2>\n\n\n\n<h3 class=\"wp-block-heading\"><strong>Bandeja perif\u00e9rica e cargueira<\/strong><\/h3>\n\n\n\n<p class=\"wp-block-paragraph\">A <strong>bandeja perif\u00e9rica<\/strong> \u00e9 um equipamento de prote\u00e7\u00e3o coletiva posicionado no per\u00edmetro da edifica\u00e7\u00e3o para conter a queda de materiais e proteger quem circula no entorno da obra. Sua instala\u00e7\u00e3o \u00e9 obrigat\u00f3ria em determinadas fases construtivas e deve obedecer \u00e0s especifica\u00e7\u00f5es da NR-18.<\/p>\n\n\n\n<p class=\"wp-block-paragraph\">J\u00e1 a <a href=\"https:\/\/www.porticoreal.com.br\/bandeja-periferica-e-de-carga\">bandeja cargueira<\/a> serve para o i\u00e7amento controlado de materiais entre pavimentos, reduzindo o tr\u00e1fego de cargas por \u00e1reas de circula\u00e7\u00e3o interna e aumentando a seguran\u00e7a operacional.<\/p>\n\n\n\n<h3 class=\"wp-block-heading\"><strong>Cadeirinha e resgatador<\/strong><\/h3>\n\n\n\n<p class=\"wp-block-paragraph\">A <strong>cadeirinha<\/strong> \u00e9 o equipamento de acesso individual mais \u00e1gil para inspe\u00e7\u00f5es, reparos pontuais e servi\u00e7os que n\u00e3o justificam a montagem de um andaime completo. Combinada a um sistema de freio e descida controlada, permite que o operador trabalhe com seguran\u00e7a em pontos espec\u00edficos da fachada.<\/p>\n\n\n\n<p class=\"wp-block-paragraph\">O <a href=\"https:\/\/www.porticoreal.com.br\/cadeirinha-e-resgatador\">resgatador<\/a> \u00e9 o componente de emerg\u00eancia desse sistema: garante que, em caso de incapacita\u00e7\u00e3o do trabalhador suspenso, a descida seja feita com controle e sem risco adicional. N\u00e3o \u00e9 acess\u00f3rio opcional, \u00e9 parte do plano de resgate exigido pela NR-35.<\/p>\n\n\n\n<h2 class=\"wp-block-heading\"><strong>P\u00f3rticos, guinchos e i\u00e7amentos: movimenta\u00e7\u00e3o vertical com seguran\u00e7a<\/strong><\/h2>\n\n\n\n<p class=\"wp-block-paragraph\"><strong>P\u00f3rticos e guinchos<\/strong> s\u00e3o equipamentos para trabalho em altura voltados \u00e0 movimenta\u00e7\u00e3o vertical de cargas e pessoas em situa\u00e7\u00f5es onde a estrutura da obra n\u00e3o oferece um ponto de ancoragem natural adequado.<\/p>\n\n\n\n<p class=\"wp-block-paragraph\">O p\u00f3rtico de i\u00e7amento \u00e9 projetado para ser instalado na cobertura, criando um ponto de sustenta\u00e7\u00e3o m\u00f3vel que pode ser reposicionado conforme o avan\u00e7o dos servi\u00e7os. O guincho, acoplado a esse sistema, controla a velocidade de descida e i\u00e7amento com precis\u00e3o.<\/p>\n\n\n\n<p class=\"wp-block-paragraph\">A P\u00f3rtico Real oferece a linha completa de <a href=\"https:\/\/www.porticoreal.com.br\/porticos-e-guinchos\">p\u00f3rticos e guinchos<\/a> com suporte t\u00e9cnico para defini\u00e7\u00e3o do ponto de fixa\u00e7\u00e3o, c\u00e1lculo de carga e treinamento dos operadores. O cat\u00e1logo de <a href=\"https:\/\/www.porticoreal.com.br\/icamentos-e-acessorios\">i\u00e7amentos e acess\u00f3rios<\/a> complementa esse portf\u00f3lio com ganchos, travas, polias e conectores certificados.<\/p>\n\n\n\n<h2 class=\"wp-block-heading\"><strong>Passarelas, plataformas e trilhos: acesso cont\u00ednuo e planejado<\/strong><\/h2>\n\n\n\n<p class=\"wp-block-paragraph\">Quando o projeto exige acesso frequente a determinada regi\u00e3o da edifica\u00e7\u00e3o (cobertura, casa de m\u00e1quinas, subesta\u00e7\u00f5es ou \u00e1reas t\u00e9cnicas), a solu\u00e7\u00e3o mais racional \u00e9 a <strong>passarela ou plataforma fixa<\/strong>, instalada de forma permanente ou semipermanente.<\/p>\n\n\n\n<p class=\"wp-block-paragraph\">Esses equipamentos reduzem o tempo de prepara\u00e7\u00e3o para cada acesso, eliminam a necessidade de montagem e desmontagem repetitiva e padronizam o trajeto seguro para as equipes de manuten\u00e7\u00e3o.<\/p>\n\n\n\n<p class=\"wp-block-paragraph\">Os <a href=\"https:\/\/www.porticoreal.com.br\/trilho-para-sustentacao-e-movimentacao-de-balancins\">trilhos para sustenta\u00e7\u00e3o e movimenta\u00e7\u00e3o de balancins<\/a> s\u00e3o a evolu\u00e7\u00e3o desse conceito para edifica\u00e7\u00f5es que precisam de mobilidade horizontal na cobertura, permitindo que o balancim percorra toda a extens\u00e3o da fachada sem realinhamento manual.<\/p>\n\n\n\n<p class=\"wp-block-paragraph\">A linha de <a href=\"https:\/\/www.porticoreal.com.br\/passarela-e-plataforma\">passarelas e plataformas<\/a> da P\u00f3rtico Real foi desenvolvida para atender tanto obras novas quanto retrofit de edifica\u00e7\u00f5es existentes.<\/p>\n\n\n\n<h2 class=\"wp-block-heading\"><strong>D\u00favidas que todo gestor de obra tem (mas nem sempre pergunta)<\/strong><\/h2>\n\n\n\n<p class=\"wp-block-paragraph\"><strong>Qual equipamento usar em fachadas com vidro estrutural? <\/strong>Balancim el\u00e9trico com rod\u00edzios de borracha e prote\u00e7\u00e3o nas bordas do carro. Evite impactos mec\u00e2nicos que comprometam a veda\u00e7\u00e3o e o perfil de alum\u00ednio.<\/p>\n\n\n\n<p class=\"wp-block-paragraph\"><strong>Andaime tubular precisa de ART? <\/strong>Sim. Todo projeto de andaime com altura superior a 6 metros ou em situa\u00e7\u00e3o especial exige ART de projeto e de execu\u00e7\u00e3o, conforme a NR-18.<\/p>\n\n\n\n<p class=\"wp-block-paragraph\"><strong>Linha de vida horizontal ou vertical para minha cobertura? <\/strong>Depende do trajeto do trabalhador. Trajetos lineares pedem linha horizontal; descidas e subidas frequentes pedem linha vertical. Uma visita t\u00e9cnica resolve essa d\u00favida com seguran\u00e7a.<\/p>\n\n\n\n<p class=\"wp-block-paragraph\"><strong>Posso usar cadeirinha em obra com mais de 20 andares? <\/strong>Sim, desde que o sistema de sustenta\u00e7\u00e3o, o cabo e o resgatador estejam dimensionados para a altura e carga. O laudo t\u00e9cnico \u00e9 obrigat\u00f3rio.<\/p>\n\n\n\n<p class=\"wp-block-paragraph\"><strong>Bandeja perif\u00e9rica \u00e9 obrigat\u00f3ria em obra residencial?<\/strong> A NR-18 exige bandeja projetante a partir do segundo pavimento e em outros pontos espec\u00edficos. Consulte sempre o PCMAT da obra.<\/p>\n\n\n\n<p class=\"wp-block-paragraph\"><strong>O que \u00e9 sustenta\u00e7\u00e3o para balancim?<\/strong> \u00c9 a estrutura de teto ou cobertura (contrapesos, trilhos, vigas ou consolos) que transmite a carga do balancim para a edifica\u00e7\u00e3o. Sem ela devidamente calculada, o balancim n\u00e3o pode operar.<\/p>\n\n\n\n<p class=\"wp-block-paragraph\"><strong>Visita t\u00e9cnica \u00e9 cobrada \u00e0 parte?<\/strong> Na P\u00f3rtico Real, a <a href=\"https:\/\/www.porticoreal.com.br\/visitas-tecnica\">visita t\u00e9cnica<\/a> faz parte do processo de atendimento. Nossos engenheiros avaliam o local antes de indicar qualquer solu\u00e7\u00e3o.<\/p>\n\n\n\n<h2 class=\"wp-block-heading\"><strong>Seguran\u00e7a come\u00e7a na especifica\u00e7\u00e3o certa dos equipamentos para trabalho em altura<\/strong><\/h2>\n\n\n\n<p class=\"wp-block-paragraph\">Nenhum equipamento protege quem n\u00e3o foi treinado para us\u00e1-lo. E nenhum sistema de prote\u00e7\u00e3o funciona bem quando especificado sem conhecimento do ambiente, da carga e do processo de trabalho.<\/p>\n\n\n\n<p class=\"wp-block-paragraph\"><strong>O caminho mais seguro come\u00e7a antes da compra.<\/strong> Uma visita t\u00e9cnica bem conduzida, feita por engenheiros com experi\u00eancia em acesso e prote\u00e7\u00e3o, evita retrabalho, reduz custos de loca\u00e7\u00e3o e garante que cada equipamento instalado esteja dentro das normas.<\/p>\n\n\n\n<p class=\"wp-block-paragraph\">A P\u00f3rtico Real atua com esse modelo. Desde a <a href=\"https:\/\/www.porticoreal.com.br\/visitas-tecnica\">visita t\u00e9cnica<\/a> at\u00e9 a <a href=\"https:\/\/www.porticoreal.com.br\/assistencia-tecnica\">assist\u00eancia t\u00e9cnica<\/a> p\u00f3s-instala\u00e7\u00e3o, o suporte \u00e9 cont\u00ednuo e orientado \u00e0 seguran\u00e7a real da sua obra. Conhe\u00e7a o portf\u00f3lio completo e fale com nossa equipe pelo site da <a href=\"https:\/\/www.porticoreal.com.br\/contatos\">P\u00f3rtico Real<\/a>.<\/p>\n\n\n\n<p class=\"wp-block-paragraph\"><\/p>\n","protected":false},"excerpt":{"rendered":"<p>Descubra quais equipamentos para trabalho em altura s\u00e3o obrigat\u00f3rios, seguros e normatizados para sua obra. Guia t\u00e9cnico completo para quem decide com responsabilidade. Queda de altura continua sendo uma das principais causas de acidentes fatais em canteiros de obras no Brasil. A NR-35 do Minist\u00e9rio do Trabalho existe exatamente para estabelecer os requisitos m\u00ednimos de &hellip; <\/p>\n","protected":false},"author":1,"featured_media":372,"comment_status":"open","ping_status":"open","sticky":false,"template":"","format":"standard","meta":{"footnotes":""},"categories":[3882],"tags":[],"class_list":["post-371","post","type-post","status-publish","format-standard","has-post-thumbnail","hentry","category-equipamentos-para-trabalho-em-altura"],"yoast_head":"<!-- This site is optimized with the Yoast SEO plugin v24.6 - https:\/\/yoast.com\/wordpress\/plugins\/seo\/ -->\n<title>Melhores equipamentos para trabalho em altura<\/title>\n<meta name=\"description\" content=\"Descubra quais equipamentos para trabalho em altura s\u00e3o obrigat\u00f3rios, seguros e normatizados para sua obra.\" \/>\n<meta name=\"robots\" content=\"index, follow, max-snippet:-1, max-image-preview:large, max-video-preview:-1\" \/>\n<link rel=\"canonical\" href=\"https:\/\/www.porticoreal.com.br\/blog\/2026\/06\/25\/melhores-equipamentos-para-trabalho-em-altura\/\" \/>\n<meta property=\"og:locale\" content=\"pt_BR\" \/>\n<meta property=\"og:type\" content=\"article\" \/>\n<meta property=\"og:title\" content=\"Melhores equipamentos para trabalho em altura\" \/>\n<meta property=\"og:description\" content=\"Descubra quais equipamentos para trabalho em altura s\u00e3o obrigat\u00f3rios, seguros e normatizados para sua obra.\" \/>\n<meta property=\"og:url\" content=\"https:\/\/www.porticoreal.com.br\/blog\/2026\/06\/25\/melhores-equipamentos-para-trabalho-em-altura\/\" \/>\n<meta property=\"og:site_name\" content=\"Blog P\u00f3rtico Real\" \/>\n<meta property=\"article:published_time\" content=\"2026-06-25T12:05:43+00:00\" \/>\n<meta property=\"article:modified_time\" content=\"2026-07-17T12:15:13+00:00\" \/>\n<meta property=\"og:image\" content=\"https:\/\/www.porticoreal.com.br\/blog\/wp-content\/uploads\/2026\/06\/ChatGPT-Image-25-de-jun.-de-2026-09_02_37-1.jpg\" \/>\n\t<meta property=\"og:image:width\" content=\"1672\" \/>\n\t<meta property=\"og:image:height\" content=\"941\" \/>\n\t<meta property=\"og:image:type\" content=\"image\/jpeg\" \/>\n<meta name=\"author\" content=\"admin\" \/>\n<meta name=\"twitter:card\" content=\"summary_large_image\" \/>\n<meta name=\"twitter:label1\" content=\"Escrito por\" \/>\n\t<meta name=\"twitter:data1\" content=\"admin\" \/>\n\t<meta name=\"twitter:label2\" content=\"Est. tempo de leitura\" \/>\n\t<meta name=\"twitter:data2\" content=\"8 minutos\" \/>\n<script type=\"application\/ld+json\" class=\"yoast-schema-graph\">{\"@context\":\"https:\/\/schema.org\",\"@graph\":[{\"@type\":\"Article\",\"@id\":\"https:\/\/www.porticoreal.com.br\/blog\/2026\/06\/25\/melhores-equipamentos-para-trabalho-em-altura\/#article\",\"isPartOf\":{\"@id\":\"https:\/\/www.porticoreal.com.br\/blog\/2026\/06\/25\/melhores-equipamentos-para-trabalho-em-altura\/\"},\"author\":{\"name\":\"admin\",\"@id\":\"https:\/\/www.porticoreal.com.br\/blog\/#\/schema\/person\/e2168a80834d41498447950470082b6f\"},\"headline\":\"Melhores equipamentos para trabalho em altura\",\"datePublished\":\"2026-06-25T12:05:43+00:00\",\"dateModified\":\"2026-07-17T12:15:13+00:00\",\"mainEntityOfPage\":{\"@id\":\"https:\/\/www.porticoreal.com.br\/blog\/2026\/06\/25\/melhores-equipamentos-para-trabalho-em-altura\/\"},\"wordCount\":1485,\"commentCount\":0,\"publisher\":{\"@id\":\"https:\/\/www.porticoreal.com.br\/blog\/#organization\"},\"image\":{\"@id\":\"https:\/\/www.porticoreal.com.br\/blog\/2026\/06\/25\/melhores-equipamentos-para-trabalho-em-altura\/#primaryimage\"},\"thumbnailUrl\":\"https:\/\/www.porticoreal.com.br\/blog\/wp-content\/uploads\/2026\/06\/ChatGPT-Image-25-de-jun.-de-2026-09_02_37-1.jpg\",\"articleSection\":[\"Equipamentos para trabalho em altura\"],\"inLanguage\":\"pt-BR\",\"potentialAction\":[{\"@type\":\"CommentAction\",\"name\":\"Comment\",\"target\":[\"https:\/\/www.porticoreal.com.br\/blog\/2026\/06\/25\/melhores-equipamentos-para-trabalho-em-altura\/#respond\"]}]},{\"@type\":\"WebPage\",\"@id\":\"https:\/\/www.porticoreal.com.br\/blog\/2026\/06\/25\/melhores-equipamentos-para-trabalho-em-altura\/\",\"url\":\"https:\/\/www.porticoreal.com.br\/blog\/2026\/06\/25\/melhores-equipamentos-para-trabalho-em-altura\/\",\"name\":\"Melhores equipamentos para trabalho em altura\",\"isPartOf\":{\"@id\":\"https:\/\/www.porticoreal.com.br\/blog\/#website\"},\"primaryImageOfPage\":{\"@id\":\"https:\/\/www.porticoreal.com.br\/blog\/2026\/06\/25\/melhores-equipamentos-para-trabalho-em-altura\/#primaryimage\"},\"image\":{\"@id\":\"https:\/\/www.porticoreal.com.br\/blog\/2026\/06\/25\/melhores-equipamentos-para-trabalho-em-altura\/#primaryimage\"},\"thumbnailUrl\":\"https:\/\/www.porticoreal.com.br\/blog\/wp-content\/uploads\/2026\/06\/ChatGPT-Image-25-de-jun.-de-2026-09_02_37-1.jpg\",\"datePublished\":\"2026-06-25T12:05:43+00:00\",\"dateModified\":\"2026-07-17T12:15:13+00:00\",\"description\":\"Descubra quais equipamentos para trabalho em altura s\u00e3o obrigat\u00f3rios, seguros e normatizados para sua obra.\",\"breadcrumb\":{\"@id\":\"https:\/\/www.porticoreal.com.br\/blog\/2026\/06\/25\/melhores-equipamentos-para-trabalho-em-altura\/#breadcrumb\"},\"inLanguage\":\"pt-BR\",\"potentialAction\":[{\"@type\":\"ReadAction\",\"target\":[\"https:\/\/www.porticoreal.com.br\/blog\/2026\/06\/25\/melhores-equipamentos-para-trabalho-em-altura\/\"]}]},{\"@type\":\"ImageObject\",\"inLanguage\":\"pt-BR\",\"@id\":\"https:\/\/www.porticoreal.com.br\/blog\/2026\/06\/25\/melhores-equipamentos-para-trabalho-em-altura\/#primaryimage\",\"url\":\"https:\/\/www.porticoreal.com.br\/blog\/wp-content\/uploads\/2026\/06\/ChatGPT-Image-25-de-jun.-de-2026-09_02_37-1.jpg\",\"contentUrl\":\"https:\/\/www.porticoreal.com.br\/blog\/wp-content\/uploads\/2026\/06\/ChatGPT-Image-25-de-jun.-de-2026-09_02_37-1.jpg\",\"width\":1672,\"height\":941,\"caption\":\"Melhores equipamentos para trabalho em altura\"},{\"@type\":\"BreadcrumbList\",\"@id\":\"https:\/\/www.porticoreal.com.br\/blog\/2026\/06\/25\/melhores-equipamentos-para-trabalho-em-altura\/#breadcrumb\",\"itemListElement\":[{\"@type\":\"ListItem\",\"position\":1,\"name\":\"In\u00edcio\",\"item\":\"https:\/\/www.porticoreal.com.br\/blog\/\"},{\"@type\":\"ListItem\",\"position\":2,\"name\":\"Melhores equipamentos para trabalho em altura\"}]},{\"@type\":\"WebSite\",\"@id\":\"https:\/\/www.porticoreal.com.br\/blog\/#website\",\"url\":\"https:\/\/www.porticoreal.com.br\/blog\/\",\"name\":\"Blog P\u00f3rtico Real\",\"description\":\"\",\"publisher\":{\"@id\":\"https:\/\/www.porticoreal.com.br\/blog\/#organization\"},\"potentialAction\":[{\"@type\":\"SearchAction\",\"target\":{\"@type\":\"EntryPoint\",\"urlTemplate\":\"https:\/\/www.porticoreal.com.br\/blog\/?s={search_term_string}\"},\"query-input\":{\"@type\":\"PropertyValueSpecification\",\"valueRequired\":true,\"valueName\":\"search_term_string\"}}],\"inLanguage\":\"pt-BR\"},{\"@type\":\"Organization\",\"@id\":\"https:\/\/www.porticoreal.com.br\/blog\/#organization\",\"name\":\"Blog P\u00f3rtico Real\",\"url\":\"https:\/\/www.porticoreal.com.br\/blog\/\",\"logo\":{\"@type\":\"ImageObject\",\"inLanguage\":\"pt-BR\",\"@id\":\"https:\/\/www.porticoreal.com.br\/blog\/#\/schema\/logo\/image\/\",\"url\":\"https:\/\/www.porticoreal.com.br\/blog\/wp-content\/uploads\/2025\/02\/imagem_2025-02-18_104417132.png\",\"contentUrl\":\"https:\/\/www.porticoreal.com.br\/blog\/wp-content\/uploads\/2025\/02\/imagem_2025-02-18_104417132.png\",\"width\":120,\"height\":73,\"caption\":\"Blog P\u00f3rtico Real\"},\"image\":{\"@id\":\"https:\/\/www.porticoreal.com.br\/blog\/#\/schema\/logo\/image\/\"}},{\"@type\":\"Person\",\"@id\":\"https:\/\/www.porticoreal.com.br\/blog\/#\/schema\/person\/e2168a80834d41498447950470082b6f\",\"name\":\"admin\",\"image\":{\"@type\":\"ImageObject\",\"inLanguage\":\"pt-BR\",\"@id\":\"https:\/\/www.porticoreal.com.br\/blog\/#\/schema\/person\/image\/\",\"url\":\"https:\/\/secure.gravatar.com\/avatar\/f3273dd18d95bc19d51d3e6356e4a679e6f13824497272a270e7bb540b0abb9d?s=96&d=mm&r=g\",\"contentUrl\":\"https:\/\/secure.gravatar.com\/avatar\/f3273dd18d95bc19d51d3e6356e4a679e6f13824497272a270e7bb540b0abb9d?s=96&d=mm&r=g\",\"caption\":\"admin\"},\"sameAs\":[\"https:\/\/www.porticoreal.com.br\/blog\"],\"url\":\"https:\/\/www.porticoreal.com.br\/blog\/author\/admin\/\"}]}<\/script>\n<!-- \/ Yoast SEO plugin. -->","yoast_head_json":{"title":"Melhores equipamentos para trabalho em altura","description":"Descubra quais equipamentos para trabalho em altura s\u00e3o obrigat\u00f3rios, seguros e normatizados para sua obra.","robots":{"index":"index","follow":"follow","max-snippet":"max-snippet:-1","max-image-preview":"max-image-preview:large","max-video-preview":"max-video-preview:-1"},"canonical":"https:\/\/www.porticoreal.com.br\/blog\/2026\/06\/25\/melhores-equipamentos-para-trabalho-em-altura\/","og_locale":"pt_BR","og_type":"article","og_title":"Melhores equipamentos para trabalho em altura","og_description":"Descubra quais equipamentos para trabalho em altura s\u00e3o obrigat\u00f3rios, seguros e normatizados para sua obra.","og_url":"https:\/\/www.porticoreal.com.br\/blog\/2026\/06\/25\/melhores-equipamentos-para-trabalho-em-altura\/","og_site_name":"Blog P\u00f3rtico Real","article_published_time":"2026-06-25T12:05:43+00:00","article_modified_time":"2026-07-17T12:15:13+00:00","og_image":[{"width":1672,"height":941,"url":"https:\/\/www.porticoreal.com.br\/blog\/wp-content\/uploads\/2026\/06\/ChatGPT-Image-25-de-jun.-de-2026-09_02_37-1.jpg","type":"image\/jpeg"}],"author":"admin","twitter_card":"summary_large_image","twitter_misc":{"Escrito por":"admin","Est. tempo de leitura":"8 minutos"},"schema":{"@context":"https:\/\/schema.org","@graph":[{"@type":"Article","@id":"https:\/\/www.porticoreal.com.br\/blog\/2026\/06\/25\/melhores-equipamentos-para-trabalho-em-altura\/#article","isPartOf":{"@id":"https:\/\/www.porticoreal.com.br\/blog\/2026\/06\/25\/melhores-equipamentos-para-trabalho-em-altura\/"},"author":{"name":"admin","@id":"https:\/\/www.porticoreal.com.br\/blog\/#\/schema\/person\/e2168a80834d41498447950470082b6f"},"headline":"Melhores equipamentos para trabalho em altura","datePublished":"2026-06-25T12:05:43+00:00","dateModified":"2026-07-17T12:15:13+00:00","mainEntityOfPage":{"@id":"https:\/\/www.porticoreal.com.br\/blog\/2026\/06\/25\/melhores-equipamentos-para-trabalho-em-altura\/"},"wordCount":1485,"commentCount":0,"publisher":{"@id":"https:\/\/www.porticoreal.com.br\/blog\/#organization"},"image":{"@id":"https:\/\/www.porticoreal.com.br\/blog\/2026\/06\/25\/melhores-equipamentos-para-trabalho-em-altura\/#primaryimage"},"thumbnailUrl":"https:\/\/www.porticoreal.com.br\/blog\/wp-content\/uploads\/2026\/06\/ChatGPT-Image-25-de-jun.-de-2026-09_02_37-1.jpg","articleSection":["Equipamentos para trabalho em altura"],"inLanguage":"pt-BR","potentialAction":[{"@type":"CommentAction","name":"Comment","target":["https:\/\/www.porticoreal.com.br\/blog\/2026\/06\/25\/melhores-equipamentos-para-trabalho-em-altura\/#respond"]}]},{"@type":"WebPage","@id":"https:\/\/www.porticoreal.com.br\/blog\/2026\/06\/25\/melhores-equipamentos-para-trabalho-em-altura\/","url":"https:\/\/www.porticoreal.com.br\/blog\/2026\/06\/25\/melhores-equipamentos-para-trabalho-em-altura\/","name":"Melhores equipamentos para trabalho em altura","isPartOf":{"@id":"https:\/\/www.porticoreal.com.br\/blog\/#website"},"primaryImageOfPage":{"@id":"https:\/\/www.porticoreal.com.br\/blog\/2026\/06\/25\/melhores-equipamentos-para-trabalho-em-altura\/#primaryimage"},"image":{"@id":"https:\/\/www.porticoreal.com.br\/blog\/2026\/06\/25\/melhores-equipamentos-para-trabalho-em-altura\/#primaryimage"},"thumbnailUrl":"https:\/\/www.porticoreal.com.br\/blog\/wp-content\/uploads\/2026\/06\/ChatGPT-Image-25-de-jun.-de-2026-09_02_37-1.jpg","datePublished":"2026-06-25T12:05:43+00:00","dateModified":"2026-07-17T12:15:13+00:00","description":"Descubra quais equipamentos para trabalho em altura s\u00e3o obrigat\u00f3rios, seguros e normatizados para sua obra.","breadcrumb":{"@id":"https:\/\/www.porticoreal.com.br\/blog\/2026\/06\/25\/melhores-equipamentos-para-trabalho-em-altura\/#breadcrumb"},"inLanguage":"pt-BR","potentialAction":[{"@type":"ReadAction","target":["https:\/\/www.porticoreal.com.br\/blog\/2026\/06\/25\/melhores-equipamentos-para-trabalho-em-altura\/"]}]},{"@type":"ImageObject","inLanguage":"pt-BR","@id":"https:\/\/www.porticoreal.com.br\/blog\/2026\/06\/25\/melhores-equipamentos-para-trabalho-em-altura\/#primaryimage","url":"https:\/\/www.porticoreal.com.br\/blog\/wp-content\/uploads\/2026\/06\/ChatGPT-Image-25-de-jun.-de-2026-09_02_37-1.jpg","contentUrl":"https:\/\/www.porticoreal.com.br\/blog\/wp-content\/uploads\/2026\/06\/ChatGPT-Image-25-de-jun.-de-2026-09_02_37-1.jpg","width":1672,"height":941,"caption":"Melhores equipamentos para trabalho em altura"},{"@type":"BreadcrumbList","@id":"https:\/\/www.porticoreal.com.br\/blog\/2026\/06\/25\/melhores-equipamentos-para-trabalho-em-altura\/#breadcrumb","itemListElement":[{"@type":"ListItem","position":1,"name":"In\u00edcio","item":"https:\/\/www.porticoreal.com.br\/blog\/"},{"@type":"ListItem","position":2,"name":"Melhores equipamentos para trabalho em altura"}]},{"@type":"WebSite","@id":"https:\/\/www.porticoreal.com.br\/blog\/#website","url":"https:\/\/www.porticoreal.com.br\/blog\/","name":"Blog P\u00f3rtico Real","description":"","publisher":{"@id":"https:\/\/www.porticoreal.com.br\/blog\/#organization"},"potentialAction":[{"@type":"SearchAction","target":{"@type":"EntryPoint","urlTemplate":"https:\/\/www.porticoreal.com.br\/blog\/?s={search_term_string}"},"query-input":{"@type":"PropertyValueSpecification","valueRequired":true,"valueName":"search_term_string"}}],"inLanguage":"pt-BR"},{"@type":"Organization","@id":"https:\/\/www.porticoreal.com.br\/blog\/#organization","name":"Blog P\u00f3rtico Real","url":"https:\/\/www.porticoreal.com.br\/blog\/","logo":{"@type":"ImageObject","inLanguage":"pt-BR","@id":"https:\/\/www.porticoreal.com.br\/blog\/#\/schema\/logo\/image\/","url":"https:\/\/www.porticoreal.com.br\/blog\/wp-content\/uploads\/2025\/02\/imagem_2025-02-18_104417132.png","contentUrl":"https:\/\/www.porticoreal.com.br\/blog\/wp-content\/uploads\/2025\/02\/imagem_2025-02-18_104417132.png","width":120,"height":73,"caption":"Blog P\u00f3rtico Real"},"image":{"@id":"https:\/\/www.porticoreal.com.br\/blog\/#\/schema\/logo\/image\/"}},{"@type":"Person","@id":"https:\/\/www.porticoreal.com.br\/blog\/#\/schema\/person\/e2168a80834d41498447950470082b6f","name":"admin","image":{"@type":"ImageObject","inLanguage":"pt-BR","@id":"https:\/\/www.porticoreal.com.br\/blog\/#\/schema\/person\/image\/","url":"https:\/\/secure.gravatar.com\/avatar\/f3273dd18d95bc19d51d3e6356e4a679e6f13824497272a270e7bb540b0abb9d?s=96&d=mm&r=g","contentUrl":"https:\/\/secure.gravatar.com\/avatar\/f3273dd18d95bc19d51d3e6356e4a679e6f13824497272a270e7bb540b0abb9d?s=96&d=mm&r=g","caption":"admin"},"sameAs":["https:\/\/www.porticoreal.com.br\/blog"],"url":"https:\/\/www.porticoreal.com.br\/blog\/author\/admin\/"}]}},"_links":{"self":[{"href":"https:\/\/www.porticoreal.com.br\/blog\/wp-json\/wp\/v2\/posts\/371","targetHints":{"allow":["GET"]}}],"collection":[{"href":"https:\/\/www.porticoreal.com.br\/blog\/wp-json\/wp\/v2\/posts"}],"about":[{"href":"https:\/\/www.porticoreal.com.br\/blog\/wp-json\/wp\/v2\/types\/post"}],"author":[{"embeddable":true,"href":"https:\/\/www.porticoreal.com.br\/blog\/wp-json\/wp\/v2\/users\/1"}],"replies":[{"embeddable":true,"href":"https:\/\/www.porticoreal.com.br\/blog\/wp-json\/wp\/v2\/comments?post=371"}],"version-history":[{"count":1,"href":"https:\/\/www.porticoreal.com.br\/blog\/wp-json\/wp\/v2\/posts\/371\/revisions"}],"predecessor-version":[{"id":375,"href":"https:\/\/www.porticoreal.com.br\/blog\/wp-json\/wp\/v2\/posts\/371\/revisions\/375"}],"wp:featuredmedia":[{"embeddable":true,"href":"https:\/\/www.porticoreal.com.br\/blog\/wp-json\/wp\/v2\/media\/372"}],"wp:attachment":[{"href":"https:\/\/www.porticoreal.com.br\/blog\/wp-json\/wp\/v2\/media?parent=371"}],"wp:term":[{"taxonomy":"category","embeddable":true,"href":"https:\/\/www.porticoreal.com.br\/blog\/wp-json\/wp\/v2\/categories?post=371"},{"taxonomy":"post_tag","embeddable":true,"href":"https:\/\/www.porticoreal.com.br\/blog\/wp-json\/wp\/v2\/tags?post=371"}],"curies":[{"name":"wp","href":"https:\/\/api.w.org\/{rel}","templated":true}]}}