{"id":315,"date":"2026-03-06T08:46:57","date_gmt":"2026-03-06T11:46:57","guid":{"rendered":"https:\/\/www.porticoreal.com.br\/blog\/?p=315"},"modified":"2026-07-17T09:21:00","modified_gmt":"2026-07-17T12:21:00","slug":"vantagens-da-bandeja-de-protecao-primaria-e-secundaria","status":"publish","type":"post","link":"https:\/\/www.porticoreal.com.br\/blog\/2026\/03\/06\/vantagens-da-bandeja-de-protecao-primaria-e-secundaria\/","title":{"rendered":"Vantagens da bandeja de prote\u00e7\u00e3o prim\u00e1ria e secund\u00e1ria"},"content":{"rendered":"\n<p class=\"has-medium-font-size wp-block-paragraph\"><strong><em>Entenda as vantagens da bandeja de prote\u00e7\u00e3o prim\u00e1ria e secund\u00e1ria na constru\u00e7\u00e3o civil e como essa solu\u00e7\u00e3o aumenta a seguran\u00e7a e efici\u00eancia das obras.<\/em><\/strong><\/p>\n\n\n\n<p class=\"wp-block-paragraph\">A <strong>bandeja de prote\u00e7\u00e3o prim\u00e1ria e secund\u00e1ria<\/strong> \u00e9 um dos sistemas mais importantes para a seguran\u00e7a na constru\u00e7\u00e3o civil. Em obras verticais, a circula\u00e7\u00e3o de trabalhadores e o transporte constante de materiais tornam indispens\u00e1vel o uso de estruturas que reduzam riscos e garantam prote\u00e7\u00e3o coletiva.<\/p>\n\n\n\n<p class=\"wp-block-paragraph\">Esse tipo de solu\u00e7\u00e3o atua como uma barreira f\u00edsica instalada nas bordas das edifica\u00e7\u00f5es em constru\u00e7\u00e3o. Sua fun\u00e7\u00e3o \u00e9 conter a queda de detritos, ferramentas e res\u00edduos que podem surgir durante o andamento da obra. Dessa forma, contribui diretamente para a prote\u00e7\u00e3o de trabalhadores e de pessoas que circulam pr\u00f3ximas ao local.<\/p>\n\n\n\n<p class=\"wp-block-paragraph\">Al\u00e9m da seguran\u00e7a, a bandeja de prote\u00e7\u00e3o prim\u00e1ria e secund\u00e1ria tamb\u00e9m melhora a <strong>organiza\u00e7\u00e3o do canteiro de obras.<\/strong> Sistemas bem planejados ajudam a manter o controle sobre o fluxo de materiais e reduzem riscos operacionais. Empresas especializadas, como a <strong>P\u00f3rtico Real<\/strong>, oferecem solu\u00e7\u00f5es desenvolvidas para atender \u00e0s exig\u00eancias t\u00e9cnicas e aumentar a efici\u00eancia das opera\u00e7\u00f5es.<\/p>\n\n\n\n<ul class=\"wp-block-list\">\n<li><a href=\"https:\/\/www.porticoreal.com.br\/blog\/2026\/03\/02\/aluguel-de-balancim-garanta-seguranca-e-agilidade-na-manutencao-de-fachadas\/\">Aluguel de balancim: garanta seguran\u00e7a e agilidade na manuten\u00e7\u00e3o de fachadas<\/a><\/li>\n<\/ul>\n\n\n\n<h2 class=\"wp-block-heading\"><strong>O que \u00e9 bandeja de prote\u00e7\u00e3o prim\u00e1ria e secund\u00e1ria<\/strong><\/h2>\n\n\n\n<p class=\"wp-block-paragraph\">A <strong>bandeja de prote\u00e7\u00e3o prim\u00e1ria e secund\u00e1ria<\/strong> \u00e9 um sistema de prote\u00e7\u00e3o coletiva instalado nas bordas das lajes durante a constru\u00e7\u00e3o de edif\u00edcios. Sua principal fun\u00e7\u00e3o \u00e9 impedir que materiais e res\u00edduos caiam para n\u00edveis inferiores da obra ou para \u00e1reas externas ao canteiro.<\/p>\n\n\n\n<p class=\"wp-block-paragraph\">A<strong> bandeja prim\u00e1ria<\/strong> costuma ser instalada nos primeiros pavimentos acima do solo. Ela funciona como a primeira camada de prote\u00e7\u00e3o contra a queda de objetos, atuando como uma barreira que intercepta materiais que eventualmente se soltem durante o trabalho.<\/p>\n\n\n\n<p class=\"wp-block-paragraph\">J\u00e1 a<strong> bandeja secund\u00e1ria<\/strong> \u00e9 instalada em pavimentos superiores e amplia o sistema de prote\u00e7\u00e3o da estrutura. Quando combinadas, essas duas camadas formam um conjunto de seguran\u00e7a eficiente. A <strong>bandeja de prote\u00e7\u00e3o prim\u00e1ria e secund\u00e1ria<\/strong>, quando projetada corretamente, reduz significativamente o risco de acidentes em obras de m\u00e9dio e grande porte.<\/p>\n\n\n\n<h2 class=\"wp-block-heading\"><strong>Principais vantagens da bandeja de prote\u00e7\u00e3o prim\u00e1ria e secund\u00e1ria<\/strong><\/h2>\n\n\n\n<p class=\"wp-block-paragraph\">A utiliza\u00e7\u00e3o da <strong>bandeja de prote\u00e7\u00e3o prim\u00e1ria e secund\u00e1ria<\/strong> traz benef\u00edcios importantes para o canteiro de obras e para a gest\u00e3o do projeto. Al\u00e9m de aumentar a seguran\u00e7a, esse sistema contribui para manter a obra organizada e em conformidade com as normas da constru\u00e7\u00e3o civil.<\/p>\n\n\n\n<p class=\"wp-block-paragraph\">Entre as principais vantagens desse sistema est\u00e3o:<\/p>\n\n\n\n<ul class=\"wp-block-list\">\n<li>Redu\u00e7\u00e3o do risco de queda de materiais e ferramentas<\/li>\n\n\n\n<li>Prote\u00e7\u00e3o de trabalhadores e pedestres no entorno da obra<\/li>\n\n\n\n<li>Maior organiza\u00e7\u00e3o do canteiro de obras<\/li>\n\n\n\n<li>Conformidade com normas de seguran\u00e7a da constru\u00e7\u00e3o civil<\/li>\n\n\n\n<li>Redu\u00e7\u00e3o de preju\u00edzos causados por acidentes<\/li>\n<\/ul>\n\n\n\n<p class=\"wp-block-paragraph\">A presen\u00e7a da <strong>bandeja de prote\u00e7\u00e3o prim\u00e1ria e secund\u00e1ria<\/strong> tamb\u00e9m transmite maior tranquilidade para equipes t\u00e9cnicas e gestores da obra. Ambientes de trabalho mais seguros favorecem a produtividade e permitem que as atividades ocorram com menos interrup\u00e7\u00f5es.<\/p>\n\n\n\n<p class=\"wp-block-paragraph\">Outro benef\u00edcio relevante \u00e9 a <strong>preven\u00e7\u00e3o de custos inesperados.<\/strong> Acidentes podem gerar atrasos no cronograma, multas e reparos estruturais. Ao investir em sistemas de prote\u00e7\u00e3o adequados, construtoras conseguem reduzir riscos financeiros e manter a obra dentro do planejamento.<\/p>\n\n\n\n<ul class=\"wp-block-list\">\n<li><a href=\"https:\/\/www.porticoreal.com.br\/blog\/2026\/02\/23\/guia-de-icamento-de-cargas-como-otimizar-o-cronograma-da-obra\/\">Guia de i\u00e7amento de cargas: como otimizar o cronograma da obra<\/a><\/li>\n<\/ul>\n\n\n\n<h2 class=\"wp-block-heading\"><strong>Aplica\u00e7\u00f5es da bandeja de prote\u00e7\u00e3o prim\u00e1ria e secund\u00e1ria em obras<\/strong><\/h2>\n\n\n\n<p class=\"wp-block-paragraph\">A <strong>bandeja de prote\u00e7\u00e3o prim\u00e1ria e secund\u00e1ria<\/strong> \u00e9 amplamente utilizada em projetos de constru\u00e7\u00e3o vertical. Esse tipo de solu\u00e7\u00e3o \u00e9 essencial para obras em que h\u00e1 movimenta\u00e7\u00e3o constante de materiais e grande circula\u00e7\u00e3o de profissionais.<\/p>\n\n\n\n<figure class=\"wp-block-image size-full\"><img loading=\"lazy\" decoding=\"async\" width=\"600\" height=\"450\" src=\"https:\/\/www.porticoreal.com.br\/blog\/wp-content\/uploads\/2026\/03\/image-2026-03-06T084446.293.jpg\" alt=\"\" class=\"wp-image-316\" srcset=\"https:\/\/www.porticoreal.com.br\/blog\/wp-content\/uploads\/2026\/03\/image-2026-03-06T084446.293.jpg 600w, https:\/\/www.porticoreal.com.br\/blog\/wp-content\/uploads\/2026\/03\/image-2026-03-06T084446.293-300x225.jpg 300w\" sizes=\"auto, (max-width: 600px) 100vw, 600px\" \/><\/figure>\n\n\n\n<p class=\"wp-block-paragraph\">Entre as aplica\u00e7\u00f5es mais comuns desse sistema est\u00e3o:<\/p>\n\n\n\n<ul class=\"wp-block-list\">\n<li>Constru\u00e7\u00e3o de edif\u00edcios residenciais<\/li>\n\n\n\n<li>Empreendimentos comerciais de m\u00faltiplos pavimentos<\/li>\n\n\n\n<li>Obras de grande porte em \u00e1reas urbanas<\/li>\n\n\n\n<li>Projetos com grande movimenta\u00e7\u00e3o de materiais<\/li>\n<\/ul>\n\n\n\n<p class=\"wp-block-paragraph\">Em regi\u00f5es urbanas, a presen\u00e7a da <strong>bandeja de prote\u00e7\u00e3o prim\u00e1ria e secund\u00e1ria<\/strong> se torna ainda mais relevante. Nessas \u00e1reas, existe circula\u00e7\u00e3o intensa de pedestres e ve\u00edculos pr\u00f3ximos \u00e0s obras, o que exige medidas adicionais de prote\u00e7\u00e3o coletiva.<\/p>\n\n\n\n<p class=\"wp-block-paragraph\">Al\u00e9m disso, esse sistema contribui para a organiza\u00e7\u00e3o do fluxo de trabalho dentro do canteiro. Ao evitar quedas de materiais, ele facilita a log\u00edstica interna e permite que equipes trabalhem com maior previsibilidade durante as diferentes etapas da constru\u00e7\u00e3o.<\/p>\n\n\n\n<h2 class=\"wp-block-heading\"><strong>Como a P\u00f3rtico Real contribui para a seguran\u00e7a das obras<\/strong><\/h2>\n\n\n\n<p class=\"wp-block-paragraph\">A P\u00f3rtico Real atua no<strong> setor da constru\u00e7\u00e3o civil<\/strong> oferecendo solu\u00e7\u00f5es voltadas para seguran\u00e7a, praticidade e efici\u00eancia operacional. A empresa possui experi\u00eancia no fornecimento de <strong>bandeja de prote\u00e7\u00e3o prim\u00e1ria e secund\u00e1ria<\/strong> para obras de diferentes portes e caracter\u00edsticas.<\/p>\n\n\n\n<p class=\"wp-block-paragraph\">Um dos diferenciais da empresa est\u00e1 no<strong> planejamento t\u00e9cnico <\/strong>aplicado em cada projeto. A equipe analisa as necessidades da obra e prop\u00f5e solu\u00e7\u00f5es que atendam \u00e0s exig\u00eancias estruturais e operacionais do canteiro.<\/p>\n\n\n\n<p class=\"wp-block-paragraph\">Outro ponto importante \u00e9 o<strong> compromisso com prazos e disponibilidade de equipamentos<\/strong>. A P\u00f3rtico Real trabalha para garantir que sistemas como a <strong>bandeja de prote\u00e7\u00e3o prim\u00e1ria e secund\u00e1ria<\/strong> estejam dispon\u00edveis no momento certo do cronograma da obra. Isso ajuda a evitar atrasos e mant\u00e9m o projeto avan\u00e7ando com seguran\u00e7a.<\/p>\n\n\n\n<ul class=\"wp-block-list\">\n<li><a href=\"https:\/\/www.porticoreal.com.br\/blog\/2026\/02\/12\/locacao-de-balancim-em-sp-o-que-considerar-antes-de-alugar\/\">Loca\u00e7\u00e3o de balancim em SP: o que considerar antes de alugar?<\/a><\/li>\n<\/ul>\n\n\n\n<h2 class=\"wp-block-heading\"><strong>Diferenciais das solu\u00e7\u00f5es de bandeja da P\u00f3rtico Real<\/strong><\/h2>\n\n\n\n<p class=\"wp-block-paragraph\">Escolher um fornecedor confi\u00e1vel faz diferen\u00e7a no desempenho e na seguran\u00e7a da obra. A P\u00f3rtico Real investe em estrutura, planejamento e qualifica\u00e7\u00e3o t\u00e9cnica para oferecer solu\u00e7\u00f5es adequadas para cada projeto.<\/p>\n\n\n\n<p class=\"wp-block-paragraph\">Entre os principais diferenciais das solu\u00e7\u00f5es oferecidas pela empresa est\u00e3o:<\/p>\n\n\n\n<ul class=\"wp-block-list\">\n<li>Equipe t\u00e9cnica com experi\u00eancia em constru\u00e7\u00e3o civil<\/li>\n\n\n\n<li>Equipamentos projetados para seguran\u00e7a e resist\u00eancia<\/li>\n\n\n\n<li>Planejamento eficiente para atender prazos de obra<\/li>\n\n\n\n<li>Atendimento pr\u00f3ximo e suporte ao cliente<\/li>\n\n\n\n<li>Solu\u00e7\u00f5es que contribuem para produtividade no canteiro<\/li>\n<\/ul>\n\n\n\n<p class=\"wp-block-paragraph\">Esses fatores ajudam construtoras, engenheiros e gestores de obra a manter maior controle sobre o andamento do projeto. A utiliza\u00e7\u00e3o de <strong>bandeja de prote\u00e7\u00e3o prim\u00e1ria e secund\u00e1ria<\/strong> fornecida por empresas especializadas aumenta a previsibilidade e reduz riscos operacionais.<\/p>\n\n\n\n<p class=\"wp-block-paragraph\">Al\u00e9m disso, a <strong>P\u00f3rtico Real <\/strong>busca oferecer solu\u00e7\u00f5es que conciliem seguran\u00e7a e efici\u00eancia. O objetivo \u00e9 contribuir para um canteiro de obras mais organizado e preparado para enfrentar os desafios das constru\u00e7\u00f5es modernas.<\/p>\n\n\n\n<h2 class=\"wp-block-heading\"><strong>Como escolher a bandeja de prote\u00e7\u00e3o prim\u00e1ria e secund\u00e1ria ideal<\/strong><\/h2>\n\n\n\n<p class=\"wp-block-paragraph\">Escolher a <strong>bandeja de prote\u00e7\u00e3o prim\u00e1ria e secund\u00e1ria<\/strong> adequada exige an\u00e1lise t\u00e9cnica e planejamento. Cada obra possui caracter\u00edsticas pr\u00f3prias que influenciam na escolha do sistema de prote\u00e7\u00e3o mais indicado.<\/p>\n\n\n\n<p class=\"wp-block-paragraph\">Entre os fatores que precisam ser avaliados est\u00e3o a <strong>altura da constru\u00e7\u00e3o<\/strong>, o <strong>tipo de estrutura <\/strong>e o<strong> volume de materiais <\/strong>movimentados diariamente no canteiro. Essas vari\u00e1veis ajudam a determinar o dimensionamento correto das bandejas.<\/p>\n\n\n\n<p class=\"wp-block-paragraph\">Outro aspecto relevante \u00e9 contar com fornecedores experientes no setor. Empresas especializadas conseguem orientar sobre instala\u00e7\u00e3o, posicionamento e manuten\u00e7\u00e3o da <strong>bandeja de prote\u00e7\u00e3o prim\u00e1ria e secund\u00e1ria<\/strong>, garantindo que o sistema funcione de maneira eficiente ao longo da obra.<\/p>\n\n\n\n<ul class=\"wp-block-list\">\n<li><a href=\"https:\/\/www.porticoreal.com.br\/blog\/2026\/02\/04\/obra-parada-alugue-andaime-tubular-completo-na-portico-real\/\">Obra parada? Alugue andaime tubular completo na P\u00f3rtico Real<\/a><\/li>\n<\/ul>\n\n\n\n<h2 class=\"wp-block-heading\"><strong>Bandeja de prote\u00e7\u00e3o prim\u00e1ria e secund\u00e1ria para obras mais seguras<\/strong><\/h2>\n\n\n\n<p class=\"wp-block-paragraph\">A <strong>bandeja de prote\u00e7\u00e3o prim\u00e1ria e secund\u00e1ria<\/strong> \u00e9 uma solu\u00e7\u00e3o essencial para obras que priorizam seguran\u00e7a, organiza\u00e7\u00e3o e efici\u00eancia operacional. Sua instala\u00e7\u00e3o reduz riscos de acidentes e contribui para um ambiente de trabalho mais controlado.<\/p>\n\n\n\n<p class=\"wp-block-paragraph\">Contar com fornecedores experientes faz toda diferen\u00e7a nesse processo. A <strong>P\u00f3rtico Real <\/strong>oferece <strong>bandeja de prote\u00e7\u00e3o prim\u00e1ria e secund\u00e1ria<\/strong> desenvolvida para atender \u00e0s demandas reais do canteiro de obras, garantindo mais seguran\u00e7a e efici\u00eancia em cada etapa do projeto.<\/p>\n\n\n\n<p class=\"wp-block-paragraph\"><strong>Se voc\u00ea precisa de bandeja de prote\u00e7\u00e3o prim\u00e1ria e secund\u00e1ria para sua obra<\/strong>, <a href=\"https:\/\/www.porticoreal.com.br\/contatos\/\">entre em contato com a equipe da P\u00f3rtico Real<\/a>. Conhe\u00e7a as solu\u00e7\u00f5es dispon\u00edveis e veja como aumentar a seguran\u00e7a e produtividade do seu projeto.<\/p>\n","protected":false},"excerpt":{"rendered":"<p>Entenda as vantagens da bandeja de prote\u00e7\u00e3o prim\u00e1ria e secund\u00e1ria na constru\u00e7\u00e3o civil e como essa solu\u00e7\u00e3o aumenta a seguran\u00e7a e efici\u00eancia das obras. A bandeja de prote\u00e7\u00e3o prim\u00e1ria e secund\u00e1ria \u00e9 um dos sistemas mais importantes para a seguran\u00e7a na constru\u00e7\u00e3o civil. Em obras verticais, a circula\u00e7\u00e3o de trabalhadores e o transporte constante de &hellip; <\/p>\n","protected":false},"author":1,"featured_media":317,"comment_status":"open","ping_status":"open","sticky":false,"template":"","format":"standard","meta":{"footnotes":""},"categories":[467],"tags":[],"class_list":["post-315","post","type-post","status-publish","format-standard","has-post-thumbnail","hentry","category-bandeja-periferica"],"yoast_head":"<!-- This site is optimized with the Yoast SEO plugin v24.6 - https:\/\/yoast.com\/wordpress\/plugins\/seo\/ -->\n<title>Vantagens da bandeja de prote\u00e7\u00e3o prim\u00e1ria e secund\u00e1ria - Blog P\u00f3rtico Real<\/title>\n<meta name=\"description\" content=\"Entenda as vantagens da bandeja de prote\u00e7\u00e3o prim\u00e1ria e secund\u00e1ria na constru\u00e7\u00e3o civil e como essa solu\u00e7\u00e3o aumenta a seguran\u00e7a nas obras.\" \/>\n<meta name=\"robots\" content=\"index, follow, max-snippet:-1, max-image-preview:large, max-video-preview:-1\" \/>\n<link rel=\"canonical\" href=\"https:\/\/www.porticoreal.com.br\/blog\/2026\/03\/06\/vantagens-da-bandeja-de-protecao-primaria-e-secundaria\/\" \/>\n<meta property=\"og:locale\" content=\"pt_BR\" \/>\n<meta property=\"og:type\" content=\"article\" \/>\n<meta property=\"og:title\" content=\"Vantagens da bandeja de prote\u00e7\u00e3o prim\u00e1ria e secund\u00e1ria - Blog P\u00f3rtico Real\" \/>\n<meta property=\"og:description\" content=\"Entenda as vantagens da bandeja de prote\u00e7\u00e3o prim\u00e1ria e secund\u00e1ria na constru\u00e7\u00e3o civil e como essa solu\u00e7\u00e3o aumenta a seguran\u00e7a nas obras.\" \/>\n<meta property=\"og:url\" content=\"https:\/\/www.porticoreal.com.br\/blog\/2026\/03\/06\/vantagens-da-bandeja-de-protecao-primaria-e-secundaria\/\" \/>\n<meta property=\"og:site_name\" content=\"Blog P\u00f3rtico Real\" \/>\n<meta property=\"article:published_time\" content=\"2026-03-06T11:46:57+00:00\" \/>\n<meta property=\"article:modified_time\" content=\"2026-07-17T12:21:00+00:00\" \/>\n<meta property=\"og:image\" content=\"https:\/\/www.porticoreal.com.br\/blog\/wp-content\/uploads\/2026\/03\/image-2026-03-06T084441.857.jpg\" \/>\n\t<meta property=\"og:image:width\" content=\"400\" \/>\n\t<meta property=\"og:image:height\" content=\"300\" \/>\n\t<meta property=\"og:image:type\" content=\"image\/jpeg\" \/>\n<meta name=\"author\" content=\"admin\" \/>\n<meta name=\"twitter:card\" content=\"summary_large_image\" \/>\n<meta name=\"twitter:label1\" content=\"Escrito por\" \/>\n\t<meta name=\"twitter:data1\" content=\"admin\" \/>\n\t<meta name=\"twitter:label2\" content=\"Est. tempo de leitura\" \/>\n\t<meta name=\"twitter:data2\" content=\"8 minutos\" \/>\n<script type=\"application\/ld+json\" class=\"yoast-schema-graph\">{\"@context\":\"https:\/\/schema.org\",\"@graph\":[{\"@type\":\"Article\",\"@id\":\"https:\/\/www.porticoreal.com.br\/blog\/2026\/03\/06\/vantagens-da-bandeja-de-protecao-primaria-e-secundaria\/#article\",\"isPartOf\":{\"@id\":\"https:\/\/www.porticoreal.com.br\/blog\/2026\/03\/06\/vantagens-da-bandeja-de-protecao-primaria-e-secundaria\/\"},\"author\":{\"name\":\"admin\",\"@id\":\"https:\/\/www.porticoreal.com.br\/blog\/#\/schema\/person\/e2168a80834d41498447950470082b6f\"},\"headline\":\"Vantagens da bandeja de prote\u00e7\u00e3o prim\u00e1ria e secund\u00e1ria\",\"datePublished\":\"2026-03-06T11:46:57+00:00\",\"dateModified\":\"2026-07-17T12:21:00+00:00\",\"mainEntityOfPage\":{\"@id\":\"https:\/\/www.porticoreal.com.br\/blog\/2026\/03\/06\/vantagens-da-bandeja-de-protecao-primaria-e-secundaria\/\"},\"wordCount\":1417,\"commentCount\":0,\"publisher\":{\"@id\":\"https:\/\/www.porticoreal.com.br\/blog\/#organization\"},\"image\":{\"@id\":\"https:\/\/www.porticoreal.com.br\/blog\/2026\/03\/06\/vantagens-da-bandeja-de-protecao-primaria-e-secundaria\/#primaryimage\"},\"thumbnailUrl\":\"https:\/\/www.porticoreal.com.br\/blog\/wp-content\/uploads\/2026\/03\/image-2026-03-06T084441.857.jpg\",\"articleSection\":[\"Bandeja perif\u00e9rica\"],\"inLanguage\":\"pt-BR\",\"potentialAction\":[{\"@type\":\"CommentAction\",\"name\":\"Comment\",\"target\":[\"https:\/\/www.porticoreal.com.br\/blog\/2026\/03\/06\/vantagens-da-bandeja-de-protecao-primaria-e-secundaria\/#respond\"]}]},{\"@type\":\"WebPage\",\"@id\":\"https:\/\/www.porticoreal.com.br\/blog\/2026\/03\/06\/vantagens-da-bandeja-de-protecao-primaria-e-secundaria\/\",\"url\":\"https:\/\/www.porticoreal.com.br\/blog\/2026\/03\/06\/vantagens-da-bandeja-de-protecao-primaria-e-secundaria\/\",\"name\":\"Vantagens da bandeja de prote\u00e7\u00e3o prim\u00e1ria e secund\u00e1ria - Blog P\u00f3rtico Real\",\"isPartOf\":{\"@id\":\"https:\/\/www.porticoreal.com.br\/blog\/#website\"},\"primaryImageOfPage\":{\"@id\":\"https:\/\/www.porticoreal.com.br\/blog\/2026\/03\/06\/vantagens-da-bandeja-de-protecao-primaria-e-secundaria\/#primaryimage\"},\"image\":{\"@id\":\"https:\/\/www.porticoreal.com.br\/blog\/2026\/03\/06\/vantagens-da-bandeja-de-protecao-primaria-e-secundaria\/#primaryimage\"},\"thumbnailUrl\":\"https:\/\/www.porticoreal.com.br\/blog\/wp-content\/uploads\/2026\/03\/image-2026-03-06T084441.857.jpg\",\"datePublished\":\"2026-03-06T11:46:57+00:00\",\"dateModified\":\"2026-07-17T12:21:00+00:00\",\"description\":\"Entenda as vantagens da bandeja de prote\u00e7\u00e3o prim\u00e1ria e secund\u00e1ria na constru\u00e7\u00e3o civil e como essa solu\u00e7\u00e3o aumenta a seguran\u00e7a nas obras.\",\"breadcrumb\":{\"@id\":\"https:\/\/www.porticoreal.com.br\/blog\/2026\/03\/06\/vantagens-da-bandeja-de-protecao-primaria-e-secundaria\/#breadcrumb\"},\"inLanguage\":\"pt-BR\",\"potentialAction\":[{\"@type\":\"ReadAction\",\"target\":[\"https:\/\/www.porticoreal.com.br\/blog\/2026\/03\/06\/vantagens-da-bandeja-de-protecao-primaria-e-secundaria\/\"]}]},{\"@type\":\"ImageObject\",\"inLanguage\":\"pt-BR\",\"@id\":\"https:\/\/www.porticoreal.com.br\/blog\/2026\/03\/06\/vantagens-da-bandeja-de-protecao-primaria-e-secundaria\/#primaryimage\",\"url\":\"https:\/\/www.porticoreal.com.br\/blog\/wp-content\/uploads\/2026\/03\/image-2026-03-06T084441.857.jpg\",\"contentUrl\":\"https:\/\/www.porticoreal.com.br\/blog\/wp-content\/uploads\/2026\/03\/image-2026-03-06T084441.857.jpg\",\"width\":400,\"height\":300,\"caption\":\"Vantagens da bandeja de prote\u00e7\u00e3o prim\u00e1ria e secund\u00e1ria\"},{\"@type\":\"BreadcrumbList\",\"@id\":\"https:\/\/www.porticoreal.com.br\/blog\/2026\/03\/06\/vantagens-da-bandeja-de-protecao-primaria-e-secundaria\/#breadcrumb\",\"itemListElement\":[{\"@type\":\"ListItem\",\"position\":1,\"name\":\"In\u00edcio\",\"item\":\"https:\/\/www.porticoreal.com.br\/blog\/\"},{\"@type\":\"ListItem\",\"position\":2,\"name\":\"Vantagens da bandeja de prote\u00e7\u00e3o prim\u00e1ria e secund\u00e1ria\"}]},{\"@type\":\"WebSite\",\"@id\":\"https:\/\/www.porticoreal.com.br\/blog\/#website\",\"url\":\"https:\/\/www.porticoreal.com.br\/blog\/\",\"name\":\"Blog P\u00f3rtico Real\",\"description\":\"\",\"publisher\":{\"@id\":\"https:\/\/www.porticoreal.com.br\/blog\/#organization\"},\"potentialAction\":[{\"@type\":\"SearchAction\",\"target\":{\"@type\":\"EntryPoint\",\"urlTemplate\":\"https:\/\/www.porticoreal.com.br\/blog\/?s={search_term_string}\"},\"query-input\":{\"@type\":\"PropertyValueSpecification\",\"valueRequired\":true,\"valueName\":\"search_term_string\"}}],\"inLanguage\":\"pt-BR\"},{\"@type\":\"Organization\",\"@id\":\"https:\/\/www.porticoreal.com.br\/blog\/#organization\",\"name\":\"Blog P\u00f3rtico Real\",\"url\":\"https:\/\/www.porticoreal.com.br\/blog\/\",\"logo\":{\"@type\":\"ImageObject\",\"inLanguage\":\"pt-BR\",\"@id\":\"https:\/\/www.porticoreal.com.br\/blog\/#\/schema\/logo\/image\/\",\"url\":\"https:\/\/www.porticoreal.com.br\/blog\/wp-content\/uploads\/2025\/02\/imagem_2025-02-18_104417132.png\",\"contentUrl\":\"https:\/\/www.porticoreal.com.br\/blog\/wp-content\/uploads\/2025\/02\/imagem_2025-02-18_104417132.png\",\"width\":120,\"height\":73,\"caption\":\"Blog P\u00f3rtico Real\"},\"image\":{\"@id\":\"https:\/\/www.porticoreal.com.br\/blog\/#\/schema\/logo\/image\/\"}},{\"@type\":\"Person\",\"@id\":\"https:\/\/www.porticoreal.com.br\/blog\/#\/schema\/person\/e2168a80834d41498447950470082b6f\",\"name\":\"admin\",\"image\":{\"@type\":\"ImageObject\",\"inLanguage\":\"pt-BR\",\"@id\":\"https:\/\/www.porticoreal.com.br\/blog\/#\/schema\/person\/image\/\",\"url\":\"https:\/\/secure.gravatar.com\/avatar\/f3273dd18d95bc19d51d3e6356e4a679e6f13824497272a270e7bb540b0abb9d?s=96&d=mm&r=g\",\"contentUrl\":\"https:\/\/secure.gravatar.com\/avatar\/f3273dd18d95bc19d51d3e6356e4a679e6f13824497272a270e7bb540b0abb9d?s=96&d=mm&r=g\",\"caption\":\"admin\"},\"sameAs\":[\"https:\/\/www.porticoreal.com.br\/blog\"],\"url\":\"https:\/\/www.porticoreal.com.br\/blog\/author\/admin\/\"}]}<\/script>\n<!-- \/ Yoast SEO plugin. -->","yoast_head_json":{"title":"Vantagens da bandeja de prote\u00e7\u00e3o prim\u00e1ria e secund\u00e1ria - Blog P\u00f3rtico Real","description":"Entenda as vantagens da bandeja de prote\u00e7\u00e3o prim\u00e1ria e secund\u00e1ria na constru\u00e7\u00e3o civil e como essa solu\u00e7\u00e3o aumenta a seguran\u00e7a nas obras.","robots":{"index":"index","follow":"follow","max-snippet":"max-snippet:-1","max-image-preview":"max-image-preview:large","max-video-preview":"max-video-preview:-1"},"canonical":"https:\/\/www.porticoreal.com.br\/blog\/2026\/03\/06\/vantagens-da-bandeja-de-protecao-primaria-e-secundaria\/","og_locale":"pt_BR","og_type":"article","og_title":"Vantagens da bandeja de prote\u00e7\u00e3o prim\u00e1ria e secund\u00e1ria - Blog P\u00f3rtico Real","og_description":"Entenda as vantagens da bandeja de prote\u00e7\u00e3o prim\u00e1ria e secund\u00e1ria na constru\u00e7\u00e3o civil e como essa solu\u00e7\u00e3o aumenta a seguran\u00e7a nas obras.","og_url":"https:\/\/www.porticoreal.com.br\/blog\/2026\/03\/06\/vantagens-da-bandeja-de-protecao-primaria-e-secundaria\/","og_site_name":"Blog P\u00f3rtico Real","article_published_time":"2026-03-06T11:46:57+00:00","article_modified_time":"2026-07-17T12:21:00+00:00","og_image":[{"width":400,"height":300,"url":"https:\/\/www.porticoreal.com.br\/blog\/wp-content\/uploads\/2026\/03\/image-2026-03-06T084441.857.jpg","type":"image\/jpeg"}],"author":"admin","twitter_card":"summary_large_image","twitter_misc":{"Escrito por":"admin","Est. tempo de leitura":"8 minutos"},"schema":{"@context":"https:\/\/schema.org","@graph":[{"@type":"Article","@id":"https:\/\/www.porticoreal.com.br\/blog\/2026\/03\/06\/vantagens-da-bandeja-de-protecao-primaria-e-secundaria\/#article","isPartOf":{"@id":"https:\/\/www.porticoreal.com.br\/blog\/2026\/03\/06\/vantagens-da-bandeja-de-protecao-primaria-e-secundaria\/"},"author":{"name":"admin","@id":"https:\/\/www.porticoreal.com.br\/blog\/#\/schema\/person\/e2168a80834d41498447950470082b6f"},"headline":"Vantagens da bandeja de prote\u00e7\u00e3o prim\u00e1ria e secund\u00e1ria","datePublished":"2026-03-06T11:46:57+00:00","dateModified":"2026-07-17T12:21:00+00:00","mainEntityOfPage":{"@id":"https:\/\/www.porticoreal.com.br\/blog\/2026\/03\/06\/vantagens-da-bandeja-de-protecao-primaria-e-secundaria\/"},"wordCount":1417,"commentCount":0,"publisher":{"@id":"https:\/\/www.porticoreal.com.br\/blog\/#organization"},"image":{"@id":"https:\/\/www.porticoreal.com.br\/blog\/2026\/03\/06\/vantagens-da-bandeja-de-protecao-primaria-e-secundaria\/#primaryimage"},"thumbnailUrl":"https:\/\/www.porticoreal.com.br\/blog\/wp-content\/uploads\/2026\/03\/image-2026-03-06T084441.857.jpg","articleSection":["Bandeja perif\u00e9rica"],"inLanguage":"pt-BR","potentialAction":[{"@type":"CommentAction","name":"Comment","target":["https:\/\/www.porticoreal.com.br\/blog\/2026\/03\/06\/vantagens-da-bandeja-de-protecao-primaria-e-secundaria\/#respond"]}]},{"@type":"WebPage","@id":"https:\/\/www.porticoreal.com.br\/blog\/2026\/03\/06\/vantagens-da-bandeja-de-protecao-primaria-e-secundaria\/","url":"https:\/\/www.porticoreal.com.br\/blog\/2026\/03\/06\/vantagens-da-bandeja-de-protecao-primaria-e-secundaria\/","name":"Vantagens da bandeja de prote\u00e7\u00e3o prim\u00e1ria e secund\u00e1ria - Blog P\u00f3rtico Real","isPartOf":{"@id":"https:\/\/www.porticoreal.com.br\/blog\/#website"},"primaryImageOfPage":{"@id":"https:\/\/www.porticoreal.com.br\/blog\/2026\/03\/06\/vantagens-da-bandeja-de-protecao-primaria-e-secundaria\/#primaryimage"},"image":{"@id":"https:\/\/www.porticoreal.com.br\/blog\/2026\/03\/06\/vantagens-da-bandeja-de-protecao-primaria-e-secundaria\/#primaryimage"},"thumbnailUrl":"https:\/\/www.porticoreal.com.br\/blog\/wp-content\/uploads\/2026\/03\/image-2026-03-06T084441.857.jpg","datePublished":"2026-03-06T11:46:57+00:00","dateModified":"2026-07-17T12:21:00+00:00","description":"Entenda as vantagens da bandeja de prote\u00e7\u00e3o prim\u00e1ria e secund\u00e1ria na constru\u00e7\u00e3o civil e como essa solu\u00e7\u00e3o aumenta a seguran\u00e7a nas obras.","breadcrumb":{"@id":"https:\/\/www.porticoreal.com.br\/blog\/2026\/03\/06\/vantagens-da-bandeja-de-protecao-primaria-e-secundaria\/#breadcrumb"},"inLanguage":"pt-BR","potentialAction":[{"@type":"ReadAction","target":["https:\/\/www.porticoreal.com.br\/blog\/2026\/03\/06\/vantagens-da-bandeja-de-protecao-primaria-e-secundaria\/"]}]},{"@type":"ImageObject","inLanguage":"pt-BR","@id":"https:\/\/www.porticoreal.com.br\/blog\/2026\/03\/06\/vantagens-da-bandeja-de-protecao-primaria-e-secundaria\/#primaryimage","url":"https:\/\/www.porticoreal.com.br\/blog\/wp-content\/uploads\/2026\/03\/image-2026-03-06T084441.857.jpg","contentUrl":"https:\/\/www.porticoreal.com.br\/blog\/wp-content\/uploads\/2026\/03\/image-2026-03-06T084441.857.jpg","width":400,"height":300,"caption":"Vantagens da bandeja de prote\u00e7\u00e3o prim\u00e1ria e secund\u00e1ria"},{"@type":"BreadcrumbList","@id":"https:\/\/www.porticoreal.com.br\/blog\/2026\/03\/06\/vantagens-da-bandeja-de-protecao-primaria-e-secundaria\/#breadcrumb","itemListElement":[{"@type":"ListItem","position":1,"name":"In\u00edcio","item":"https:\/\/www.porticoreal.com.br\/blog\/"},{"@type":"ListItem","position":2,"name":"Vantagens da bandeja de prote\u00e7\u00e3o prim\u00e1ria e secund\u00e1ria"}]},{"@type":"WebSite","@id":"https:\/\/www.porticoreal.com.br\/blog\/#website","url":"https:\/\/www.porticoreal.com.br\/blog\/","name":"Blog P\u00f3rtico Real","description":"","publisher":{"@id":"https:\/\/www.porticoreal.com.br\/blog\/#organization"},"potentialAction":[{"@type":"SearchAction","target":{"@type":"EntryPoint","urlTemplate":"https:\/\/www.porticoreal.com.br\/blog\/?s={search_term_string}"},"query-input":{"@type":"PropertyValueSpecification","valueRequired":true,"valueName":"search_term_string"}}],"inLanguage":"pt-BR"},{"@type":"Organization","@id":"https:\/\/www.porticoreal.com.br\/blog\/#organization","name":"Blog P\u00f3rtico Real","url":"https:\/\/www.porticoreal.com.br\/blog\/","logo":{"@type":"ImageObject","inLanguage":"pt-BR","@id":"https:\/\/www.porticoreal.com.br\/blog\/#\/schema\/logo\/image\/","url":"https:\/\/www.porticoreal.com.br\/blog\/wp-content\/uploads\/2025\/02\/imagem_2025-02-18_104417132.png","contentUrl":"https:\/\/www.porticoreal.com.br\/blog\/wp-content\/uploads\/2025\/02\/imagem_2025-02-18_104417132.png","width":120,"height":73,"caption":"Blog P\u00f3rtico Real"},"image":{"@id":"https:\/\/www.porticoreal.com.br\/blog\/#\/schema\/logo\/image\/"}},{"@type":"Person","@id":"https:\/\/www.porticoreal.com.br\/blog\/#\/schema\/person\/e2168a80834d41498447950470082b6f","name":"admin","image":{"@type":"ImageObject","inLanguage":"pt-BR","@id":"https:\/\/www.porticoreal.com.br\/blog\/#\/schema\/person\/image\/","url":"https:\/\/secure.gravatar.com\/avatar\/f3273dd18d95bc19d51d3e6356e4a679e6f13824497272a270e7bb540b0abb9d?s=96&d=mm&r=g","contentUrl":"https:\/\/secure.gravatar.com\/avatar\/f3273dd18d95bc19d51d3e6356e4a679e6f13824497272a270e7bb540b0abb9d?s=96&d=mm&r=g","caption":"admin"},"sameAs":["https:\/\/www.porticoreal.com.br\/blog"],"url":"https:\/\/www.porticoreal.com.br\/blog\/author\/admin\/"}]}},"_links":{"self":[{"href":"https:\/\/www.porticoreal.com.br\/blog\/wp-json\/wp\/v2\/posts\/315","targetHints":{"allow":["GET"]}}],"collection":[{"href":"https:\/\/www.porticoreal.com.br\/blog\/wp-json\/wp\/v2\/posts"}],"about":[{"href":"https:\/\/www.porticoreal.com.br\/blog\/wp-json\/wp\/v2\/types\/post"}],"author":[{"embeddable":true,"href":"https:\/\/www.porticoreal.com.br\/blog\/wp-json\/wp\/v2\/users\/1"}],"replies":[{"embeddable":true,"href":"https:\/\/www.porticoreal.com.br\/blog\/wp-json\/wp\/v2\/comments?post=315"}],"version-history":[{"count":1,"href":"https:\/\/www.porticoreal.com.br\/blog\/wp-json\/wp\/v2\/posts\/315\/revisions"}],"predecessor-version":[{"id":318,"href":"https:\/\/www.porticoreal.com.br\/blog\/wp-json\/wp\/v2\/posts\/315\/revisions\/318"}],"wp:featuredmedia":[{"embeddable":true,"href":"https:\/\/www.porticoreal.com.br\/blog\/wp-json\/wp\/v2\/media\/317"}],"wp:attachment":[{"href":"https:\/\/www.porticoreal.com.br\/blog\/wp-json\/wp\/v2\/media?parent=315"}],"wp:term":[{"taxonomy":"category","embeddable":true,"href":"https:\/\/www.porticoreal.com.br\/blog\/wp-json\/wp\/v2\/categories?post=315"},{"taxonomy":"post_tag","embeddable":true,"href":"https:\/\/www.porticoreal.com.br\/blog\/wp-json\/wp\/v2\/tags?post=315"}],"curies":[{"name":"wp","href":"https:\/\/api.w.org\/{rel}","templated":true}]}}