{"id":29,"date":"2026-08-30T01:00:35","date_gmt":"2026-08-30T04:00:35","guid":{"rendered":"https:\/\/www.porticoreal.com.br\/blog\/?p=29"},"modified":"2026-08-30T01:00:36","modified_gmt":"2026-08-30T04:00:36","slug":"os-diferentes-tipos-de-fachadas-disponiveis-para-locacao","status":"publish","type":"post","link":"https:\/\/www.porticoreal.com.br\/blog\/2026\/08\/30\/os-diferentes-tipos-de-fachadas-disponiveis-para-locacao\/","title":{"rendered":"Os Diferentes Tipos de Fachadas Dispon\u00edveis para Loca\u00e7\u00e3o"},"content":{"rendered":"\n<p class=\"wp-block-paragraph\">Descubra os tipos de fachadas dispon\u00edveis para loca\u00e7\u00e3o e entenda como escolher a melhor solu\u00e7\u00e3o para sua obra com efici\u00eancia e economia.<\/p>\n\n\n\n<p class=\"wp-block-paragraph\">As fachadas de um edif\u00edcio n\u00e3o s\u00e3o apenas elementos est\u00e9ticos; elas desempenham um papel crucial na prote\u00e7\u00e3o e funcionalidade de qualquer constru\u00e7\u00e3o. Desde grandes edif\u00edcios comerciais at\u00e9 obras residenciais, a fachada \u00e9 respons\u00e1vel por proteger o interior do pr\u00e9dio contra as intemp\u00e9ries, fornecer isolamento t\u00e9rmico e ac\u00fastico, al\u00e9m de agregar valor visual ao projeto.<\/p>\n\n\n\n<p class=\"wp-block-paragraph\">Na constru\u00e7\u00e3o civil, a loca\u00e7\u00e3o de fachadas tornou-se uma solu\u00e7\u00e3o cada vez mais popular. Isso porque muitas empresas e empreendimentos buscam otimizar os custos de constru\u00e7\u00e3o e reforma, sem abrir m\u00e3o da qualidade. Alugar estruturas de fachadas proporciona flexibilidade, agilidade e economia para obras de diferentes portes.<\/p>\n\n\n\n<p class=\"wp-block-paragraph\">Neste artigo, vamos explorar os principais tipos de fachadas dispon\u00edveis para loca\u00e7\u00e3o, seus benef\u00edcios, e como a escolha certa pode impactar positivamente o seu projeto. Al\u00e9m disso, veremos como a <strong>P\u00f3rtico Real<\/strong>, uma empresa de loca\u00e7\u00e3o de fachadas, pode oferecer solu\u00e7\u00f5es especializadas para cada necessidade.<\/p>\n\n\n\n<ul class=\"wp-block-list\">\n<li><a href=\"https:\/\/www.porticoreal.com.br\/blog\/2025\/03\/13\/como-escolher-o-melhor-andaime-tubular-para-sua-necessidade\/\">Como Escolher o Melhor Andaime Tubular para Sua Necessidade?<\/a><\/li>\n<\/ul>\n\n\n\n<h2 class=\"wp-block-heading\"><strong>Tipos de Fachadas Dispon\u00edveis para Loca\u00e7\u00e3o<\/strong><\/h2>\n\n\n\n<p class=\"wp-block-paragraph\">A escolha da fachada ideal depende de diversos fatores, como o tipo de constru\u00e7\u00e3o, o clima da regi\u00e3o, o or\u00e7amento dispon\u00edvel e as necessidades est\u00e9ticas e funcionais do projeto. Abaixo, est\u00e3o os principais tipos de fachadas dispon\u00edveis para loca\u00e7\u00e3o e suas caracter\u00edsticas:<\/p>\n\n\n\n<h4 class=\"wp-block-heading\"><strong>Fachada Ventilada<\/strong><\/h4>\n\n\n\n<p class=\"wp-block-paragraph\">A <strong>fachada ventilada<\/strong> \u00e9 um dos sistemas mais avan\u00e7ados e eficientes dispon\u00edveis no mercado. Ela consiste em uma estrutura que cria um espa\u00e7o entre a parede externa e o revestimento, permitindo a circula\u00e7\u00e3o de ar. Essa camada de ventila\u00e7\u00e3o ajuda a melhorar o isolamento t\u00e9rmico e ac\u00fastico do edif\u00edcio, al\u00e9m de proteger a estrutura contra a umidade.<\/p>\n\n\n\n<p class=\"wp-block-paragraph\">Esse tipo de fachada \u00e9 ideal para regi\u00f5es com grandes varia\u00e7\u00f5es de temperatura, pois reduz o consumo de energia com aquecimento e ar-condicionado. Outro benef\u00edcio \u00e9 a durabilidade, j\u00e1 que a ventila\u00e7\u00e3o minimiza os impactos clim\u00e1ticos diretos na estrutura do edif\u00edcio.<\/p>\n\n\n\n<p class=\"wp-block-paragraph\">Para loca\u00e7\u00e3o, as fachadas ventiladas s\u00e3o altamente recomendadas em projetos que exigem efici\u00eancia energ\u00e9tica e conforto t\u00e9rmico.<\/p>\n\n\n\n<h4 class=\"wp-block-heading\"><strong>Fachada de Vidro<\/strong><\/h4>\n\n\n<div class=\"wp-block-image\">\n<figure class=\"alignright size-full is-resized\"><img loading=\"lazy\" decoding=\"async\" width=\"600\" height=\"450\" src=\"https:\/\/www.porticoreal.com.br\/blog\/wp-content\/uploads\/2025\/03\/8.webp\" alt=\"\" class=\"wp-image-31\" style=\"width:361px;height:auto\" srcset=\"https:\/\/www.porticoreal.com.br\/blog\/wp-content\/uploads\/2025\/03\/8.webp 600w, https:\/\/www.porticoreal.com.br\/blog\/wp-content\/uploads\/2025\/03\/8-300x225.webp 300w\" sizes=\"auto, (max-width: 600px) 100vw, 600px\" \/><\/figure>\n<\/div>\n\n\n<p class=\"wp-block-paragraph\">A <strong>fachada de vidro<\/strong> \u00e9 muito comum em edif\u00edcios comerciais e corporativos, devido ao seu visual moderno e elegante. Ela permite a entrada de luz natural, o que melhora o ambiente interno e reduz a necessidade de ilumina\u00e7\u00e3o artificial. No entanto, \u00e9 importante que esse tipo de fachada tenha um bom isolamento t\u00e9rmico e prote\u00e7\u00e3o contra raios UV, para evitar o superaquecimento dos ambientes internos.<\/p>\n\n\n\n<p class=\"wp-block-paragraph\">Locar fachadas de vidro pode ser uma solu\u00e7\u00e3o pr\u00e1tica em projetos tempor\u00e1rios, como eventos ou feiras, onde o visual impactante e a luminosidade natural s\u00e3o desej\u00e1veis.<\/p>\n\n\n\n<h4 class=\"wp-block-heading\"><strong>Fachada de ACM (Alum\u00ednio Composto)<\/strong><\/h4>\n\n\n\n<p class=\"wp-block-paragraph\">As fachadas de <strong>ACM (Alum\u00ednio Composto)<\/strong> s\u00e3o muito populares por sua leveza, resist\u00eancia e versatilidade. Esse tipo de material \u00e9 formado por duas l\u00e2minas de alum\u00ednio com um n\u00facleo de polietileno, o que proporciona excelente durabilidade e prote\u00e7\u00e3o contra a corros\u00e3o.<\/p>\n\n\n\n<p class=\"wp-block-paragraph\">Por ser um material leve e de f\u00e1cil instala\u00e7\u00e3o, a fachada de ACM \u00e9 uma \u00f3tima op\u00e7\u00e3o para loca\u00e7\u00e3o em projetos de curto e m\u00e9dio prazo. Al\u00e9m disso, o alum\u00ednio composto oferece uma grande variedade de cores e acabamentos, permitindo personaliza\u00e7\u00f5es de acordo com as necessidades do cliente.<\/p>\n\n\n\n<h4 class=\"wp-block-heading\"><strong>Fachada de Madeira<\/strong><\/h4>\n\n\n\n<p class=\"wp-block-paragraph\">Para projetos que buscam uma apar\u00eancia mais r\u00fastica ou natural, a <strong>fachada de madeira<\/strong> pode ser a escolha ideal. Este tipo de fachada oferece um charme \u00fanico e pode ser tratado para garantir maior durabilidade e resist\u00eancia \u00e0s condi\u00e7\u00f5es clim\u00e1ticas.<\/p>\n\n\n\n<p class=\"wp-block-paragraph\">A loca\u00e7\u00e3o de fachadas de madeira \u00e9 indicada para obras ou eventos que queiram destacar um aspecto mais sustent\u00e1vel e ecol\u00f3gico. No entanto, \u00e9 importante escolher madeiras certificadas e tratadas, para garantir que o material resista ao tempo e \u00e0 exposi\u00e7\u00e3o externa.<\/p>\n\n\n\n<h4 class=\"wp-block-heading\"><strong>Fachada Met\u00e1lica<\/strong><\/h4>\n\n\n\n<p class=\"wp-block-paragraph\">A <strong>fachada met\u00e1lica<\/strong> \u00e9 outra op\u00e7\u00e3o muito utilizada, especialmente em grandes constru\u00e7\u00f5es industriais e comerciais. Ela oferece uma excelente resist\u00eancia mec\u00e2nica e pode ser combinada com outros materiais para agregar valor est\u00e9tico ao projeto. Al\u00e9m disso, fachadas met\u00e1licas s\u00e3o de r\u00e1pida instala\u00e7\u00e3o, o que as torna uma escolha pr\u00e1tica para loca\u00e7\u00e3o em projetos que exigem agilidade.<\/p>\n\n\n\n<p class=\"wp-block-paragraph\">Este tipo de fachada tamb\u00e9m \u00e9 bastante dur\u00e1vel e resistente \u00e0 corros\u00e3o, principalmente quando tratado com revestimentos especiais. A fachada met\u00e1lica \u00e9 ideal para quem busca uma solu\u00e7\u00e3o funcional e econ\u00f4mica.<\/p>\n\n\n\n<ul class=\"wp-block-list\">\n<li><a href=\"https:\/\/www.porticoreal.com.br\/blog\/2025\/03\/13\/quando-utilizar-um-balancim-manual-em-vez-de-um-balancim-motorizado\/\">Quando Utilizar um Balancim Manual em Vez de um Balancim Motorizado?<\/a><\/li>\n<\/ul>\n\n\n\n<h2 class=\"wp-block-heading\"><strong>Quando Alugar Fachadas \u00e9 a Melhor Op\u00e7\u00e3o?<\/strong><\/h2>\n\n\n\n<p class=\"wp-block-paragraph\">A loca\u00e7\u00e3o de fachadas \u00e9 uma solu\u00e7\u00e3o vi\u00e1vel em diferentes situa\u00e7\u00f5es, proporcionando benef\u00edcios tanto para projetos de constru\u00e7\u00e3o quanto para reformas e eventos tempor\u00e1rios. Algumas vantagens incluem:<\/p>\n\n\n\n<ol class=\"wp-block-list\">\n<li><strong>Redu\u00e7\u00e3o de custos iniciais<\/strong>: Alugar uma fachada, em vez de compr\u00e1-la, reduz significativamente o custo inicial da obra, permitindo que os recursos sejam alocados de maneira mais eficiente;<br><\/li>\n\n\n\n<li><strong>Flexibilidade<\/strong>: A loca\u00e7\u00e3o permite ajustes durante a execu\u00e7\u00e3o do projeto, como a troca de tipos de fachada, de acordo com as necessidades que surgirem ao longo do processo;<br><\/li>\n\n\n\n<li><strong>Manuten\u00e7\u00e3o inclusa<\/strong>: Ao locar uma fachada, a manuten\u00e7\u00e3o costuma estar inclusa no servi\u00e7o, o que garante que as estruturas estar\u00e3o sempre em perfeitas condi\u00e7\u00f5es, sem preocupa\u00e7\u00f5es adicionais;<br><\/li>\n\n\n\n<li><strong>Solu\u00e7\u00f5es tempor\u00e1rias<\/strong>: Ideal para eventos, exposi\u00e7\u00f5es ou projetos tempor\u00e1rios que exigem uma fachada esteticamente atrativa, mas que n\u00e3o ser\u00e1 necess\u00e1ria a longo prazo.<\/li>\n<\/ol>\n\n\n\n<h2 class=\"wp-block-heading\"><strong>A P\u00f3rtico Real e Suas Solu\u00e7\u00f5es em Loca\u00e7\u00e3o de Fachadas<\/strong><\/h2>\n\n\n\n<p class=\"wp-block-paragraph\">A <strong>P\u00f3rtico Real<\/strong>, empresa refer\u00eancia no setor de loca\u00e7\u00e3o de fachadas, oferece uma vasta gama de produtos e solu\u00e7\u00f5es que atendem \u00e0s mais variadas necessidades do mercado. Seus produtos s\u00e3o conhecidos pela <strong>seguran\u00e7a, praticidade e efici\u00eancia<\/strong>, al\u00e9m de proporcionar um excelente custo-benef\u00edcio.<\/p>\n\n\n\n<p class=\"wp-block-paragraph\">Com uma equipe altamente especializada e experiente, a <strong>P\u00f3rtico Real<\/strong> assegura a entrega de solu\u00e7\u00f5es completas para seus clientes, desde o planejamento at\u00e9 a execu\u00e7\u00e3o e instala\u00e7\u00e3o das fachadas. Seu compromisso com a <strong>qualidade e seguran\u00e7a<\/strong> \u00e9 evidente em cada projeto, garantindo que todas as normas e regulamenta\u00e7\u00f5es de constru\u00e7\u00e3o sejam rigorosamente seguidas.<\/p>\n\n\n\n<p class=\"wp-block-paragraph\">Os produtos oferecidos pela empresa s\u00e3o projetados para <strong>reduzir custos e aumentar a produtividade<\/strong> nas obras, sem comprometer a qualidade. Outro diferencial da P\u00f3rtico Real \u00e9 a <strong>disponibilidade imediata<\/strong> dos produtos, algo que faz toda a diferen\u00e7a para quem precisa de solu\u00e7\u00f5es r\u00e1pidas e eficientes.<\/p>\n\n\n\n<p class=\"wp-block-paragraph\">Quando voc\u00ea escolhe a <strong>P\u00f3rtico Real<\/strong> para loca\u00e7\u00e3o de fachadas, tem a certeza de estar contratando uma empresa que preza pelo <strong>bom atendimento, pontualidade e respeito<\/strong>. Cada projeto \u00e9 tratado com m\u00e1xima dedica\u00e7\u00e3o e profissionalismo, assegurando que os prazos sejam cumpridos rigorosamente.<\/p>\n\n\n\n<p class=\"wp-block-paragraph\">A empresa entende que cada obra \u00e9 \u00fanica e oferece um atendimento personalizado para encontrar a melhor solu\u00e7\u00e3o de fachada para cada cliente. Seja para projetos de grande ou pequeno porte, a <strong>P\u00f3rtico Real<\/strong> tem a experi\u00eancia necess\u00e1ria para fornecer o suporte adequado em todas as etapas do processo.<\/p>\n\n\n\n<ul class=\"wp-block-list\">\n<li><a href=\"https:\/\/www.porticoreal.com.br\/blog\/2025\/03\/13\/trilho-para-sustentacao-conheca-a-portico-real\/\">Trilho para Sustenta\u00e7\u00e3o: conhe\u00e7a a P\u00f3rtico Real<\/a><\/li>\n<\/ul>\n\n\n\n<h2 class=\"wp-block-heading\"><strong>Alugue a Fachada Ideal para Sua Obra<\/strong><\/h2>\n\n\n\n<p class=\"wp-block-paragraph\">A escolha da fachada ideal para sua obra ou evento \u00e9 um passo crucial para garantir a est\u00e9tica, funcionalidade e durabilidade do projeto. Ao optar pela loca\u00e7\u00e3o de fachadas, voc\u00ea garante flexibilidade e economia, sem comprometer a qualidade.<\/p>\n\n\n\n<p class=\"wp-block-paragraph\">A <strong>P\u00f3rtico Real<\/strong> oferece diversas op\u00e7\u00f5es de fachadas para loca\u00e7\u00e3o, cada uma adaptada a diferentes necessidades e condi\u00e7\u00f5es.&nbsp;<\/p>\n\n\n\n<p class=\"wp-block-paragraph\">Com produtos de alta qualidade, atendimento especializado e solu\u00e7\u00f5es personalizadas, a empresa \u00e9 a escolha certa para quem busca efici\u00eancia e seguran\u00e7a na execu\u00e7\u00e3o de projetos.<\/p>\n\n\n\n<p class=\"wp-block-paragraph\"><strong>Entre em contato com a P\u00f3rtico Real<\/strong> para conhecer as solu\u00e7\u00f5es dispon\u00edveis e garantir a fachada perfeita para sua obra. Fa\u00e7a uma escolha inteligente, com a qualidade e o suporte que s\u00f3 uma empresa refer\u00eancia no mercado pode oferecer.<\/p>\n","protected":false},"excerpt":{"rendered":"<p>Descubra os tipos de fachadas dispon\u00edveis para loca\u00e7\u00e3o e entenda como escolher a melhor solu\u00e7\u00e3o para sua obra com efici\u00eancia e economia. As fachadas de um edif\u00edcio n\u00e3o s\u00e3o apenas elementos est\u00e9ticos; elas desempenham um papel crucial na prote\u00e7\u00e3o e funcionalidade de qualquer constru\u00e7\u00e3o. Desde grandes edif\u00edcios comerciais at\u00e9 obras residenciais, a fachada \u00e9 respons\u00e1vel &hellip; <\/p>\n","protected":false},"author":1,"featured_media":30,"comment_status":"open","ping_status":"open","sticky":false,"template":"","format":"standard","meta":{"footnotes":""},"categories":[211],"tags":[],"class_list":["post-29","post","type-post","status-publish","format-standard","has-post-thumbnail","hentry","category-fachada"],"yoast_head":"<!-- This site is optimized with the Yoast SEO plugin v24.6 - https:\/\/yoast.com\/wordpress\/plugins\/seo\/ -->\n<title>Os Diferentes Tipos de Fachadas Dispon\u00edveis para Loca\u00e7\u00e3o - Blog P\u00f3rtico Real<\/title>\n<meta name=\"description\" content=\"Descubra os tipos de fachadas dispon\u00edveis para loca\u00e7\u00e3o e entenda como escolher a melhor solu\u00e7\u00e3o para sua obra com efici\u00eancia e economia.\" \/>\n<meta name=\"robots\" content=\"index, follow, max-snippet:-1, max-image-preview:large, max-video-preview:-1\" \/>\n<link rel=\"canonical\" href=\"https:\/\/www.porticoreal.com.br\/blog\/2026\/08\/30\/os-diferentes-tipos-de-fachadas-disponiveis-para-locacao\/\" \/>\n<meta property=\"og:locale\" content=\"pt_BR\" \/>\n<meta property=\"og:type\" content=\"article\" \/>\n<meta property=\"og:title\" content=\"Os Diferentes Tipos de Fachadas Dispon\u00edveis para Loca\u00e7\u00e3o - Blog P\u00f3rtico Real\" \/>\n<meta property=\"og:description\" content=\"Descubra os tipos de fachadas dispon\u00edveis para loca\u00e7\u00e3o e entenda como escolher a melhor solu\u00e7\u00e3o para sua obra com efici\u00eancia e economia.\" \/>\n<meta property=\"og:url\" content=\"https:\/\/www.porticoreal.com.br\/blog\/2026\/08\/30\/os-diferentes-tipos-de-fachadas-disponiveis-para-locacao\/\" \/>\n<meta property=\"og:site_name\" content=\"Blog P\u00f3rtico Real\" \/>\n<meta property=\"article:published_time\" content=\"2026-08-30T04:00:35+00:00\" \/>\n<meta property=\"article:modified_time\" content=\"2026-08-30T04:00:36+00:00\" \/>\n<meta property=\"og:image\" content=\"https:\/\/www.porticoreal.com.br\/blog\/wp-content\/uploads\/2025\/03\/5.webp\" \/>\n\t<meta property=\"og:image:width\" content=\"600\" \/>\n\t<meta property=\"og:image:height\" content=\"450\" \/>\n\t<meta property=\"og:image:type\" content=\"image\/webp\" \/>\n<meta name=\"author\" content=\"admin\" \/>\n<meta name=\"twitter:card\" content=\"summary_large_image\" \/>\n<meta name=\"twitter:label1\" content=\"Escrito por\" \/>\n\t<meta name=\"twitter:data1\" content=\"admin\" \/>\n\t<meta name=\"twitter:label2\" content=\"Est. tempo de leitura\" \/>\n\t<meta name=\"twitter:data2\" content=\"8 minutos\" \/>\n<script type=\"application\/ld+json\" class=\"yoast-schema-graph\">{\"@context\":\"https:\/\/schema.org\",\"@graph\":[{\"@type\":\"Article\",\"@id\":\"https:\/\/www.porticoreal.com.br\/blog\/2026\/08\/30\/os-diferentes-tipos-de-fachadas-disponiveis-para-locacao\/#article\",\"isPartOf\":{\"@id\":\"https:\/\/www.porticoreal.com.br\/blog\/2026\/08\/30\/os-diferentes-tipos-de-fachadas-disponiveis-para-locacao\/\"},\"author\":{\"name\":\"admin\",\"@id\":\"https:\/\/www.porticoreal.com.br\/blog\/#\/schema\/person\/e2168a80834d41498447950470082b6f\"},\"headline\":\"Os Diferentes Tipos de Fachadas Dispon\u00edveis para Loca\u00e7\u00e3o\",\"datePublished\":\"2026-08-30T04:00:35+00:00\",\"dateModified\":\"2026-08-30T04:00:36+00:00\",\"mainEntityOfPage\":{\"@id\":\"https:\/\/www.porticoreal.com.br\/blog\/2026\/08\/30\/os-diferentes-tipos-de-fachadas-disponiveis-para-locacao\/\"},\"wordCount\":1408,\"commentCount\":0,\"publisher\":{\"@id\":\"https:\/\/www.porticoreal.com.br\/blog\/#organization\"},\"image\":{\"@id\":\"https:\/\/www.porticoreal.com.br\/blog\/2026\/08\/30\/os-diferentes-tipos-de-fachadas-disponiveis-para-locacao\/#primaryimage\"},\"thumbnailUrl\":\"https:\/\/www.porticoreal.com.br\/blog\/wp-content\/uploads\/2025\/03\/5.webp\",\"articleSection\":[\"Fachada\"],\"inLanguage\":\"pt-BR\",\"potentialAction\":[{\"@type\":\"CommentAction\",\"name\":\"Comment\",\"target\":[\"https:\/\/www.porticoreal.com.br\/blog\/2026\/08\/30\/os-diferentes-tipos-de-fachadas-disponiveis-para-locacao\/#respond\"]}]},{\"@type\":\"WebPage\",\"@id\":\"https:\/\/www.porticoreal.com.br\/blog\/2026\/08\/30\/os-diferentes-tipos-de-fachadas-disponiveis-para-locacao\/\",\"url\":\"https:\/\/www.porticoreal.com.br\/blog\/2026\/08\/30\/os-diferentes-tipos-de-fachadas-disponiveis-para-locacao\/\",\"name\":\"Os Diferentes Tipos de Fachadas Dispon\u00edveis para Loca\u00e7\u00e3o - Blog P\u00f3rtico Real\",\"isPartOf\":{\"@id\":\"https:\/\/www.porticoreal.com.br\/blog\/#website\"},\"primaryImageOfPage\":{\"@id\":\"https:\/\/www.porticoreal.com.br\/blog\/2026\/08\/30\/os-diferentes-tipos-de-fachadas-disponiveis-para-locacao\/#primaryimage\"},\"image\":{\"@id\":\"https:\/\/www.porticoreal.com.br\/blog\/2026\/08\/30\/os-diferentes-tipos-de-fachadas-disponiveis-para-locacao\/#primaryimage\"},\"thumbnailUrl\":\"https:\/\/www.porticoreal.com.br\/blog\/wp-content\/uploads\/2025\/03\/5.webp\",\"datePublished\":\"2026-08-30T04:00:35+00:00\",\"dateModified\":\"2026-08-30T04:00:36+00:00\",\"description\":\"Descubra os tipos de fachadas dispon\u00edveis para loca\u00e7\u00e3o e entenda como escolher a melhor solu\u00e7\u00e3o para sua obra com efici\u00eancia e economia.\",\"breadcrumb\":{\"@id\":\"https:\/\/www.porticoreal.com.br\/blog\/2026\/08\/30\/os-diferentes-tipos-de-fachadas-disponiveis-para-locacao\/#breadcrumb\"},\"inLanguage\":\"pt-BR\",\"potentialAction\":[{\"@type\":\"ReadAction\",\"target\":[\"https:\/\/www.porticoreal.com.br\/blog\/2026\/08\/30\/os-diferentes-tipos-de-fachadas-disponiveis-para-locacao\/\"]}]},{\"@type\":\"ImageObject\",\"inLanguage\":\"pt-BR\",\"@id\":\"https:\/\/www.porticoreal.com.br\/blog\/2026\/08\/30\/os-diferentes-tipos-de-fachadas-disponiveis-para-locacao\/#primaryimage\",\"url\":\"https:\/\/www.porticoreal.com.br\/blog\/wp-content\/uploads\/2025\/03\/5.webp\",\"contentUrl\":\"https:\/\/www.porticoreal.com.br\/blog\/wp-content\/uploads\/2025\/03\/5.webp\",\"width\":600,\"height\":450,\"caption\":\"Os Diferentes Tipos de Fachadas Dispon\u00edveis para Loca\u00e7\u00e3o\"},{\"@type\":\"BreadcrumbList\",\"@id\":\"https:\/\/www.porticoreal.com.br\/blog\/2026\/08\/30\/os-diferentes-tipos-de-fachadas-disponiveis-para-locacao\/#breadcrumb\",\"itemListElement\":[{\"@type\":\"ListItem\",\"position\":1,\"name\":\"In\u00edcio\",\"item\":\"https:\/\/www.porticoreal.com.br\/blog\/\"},{\"@type\":\"ListItem\",\"position\":2,\"name\":\"Os Diferentes Tipos de Fachadas Dispon\u00edveis para Loca\u00e7\u00e3o\"}]},{\"@type\":\"WebSite\",\"@id\":\"https:\/\/www.porticoreal.com.br\/blog\/#website\",\"url\":\"https:\/\/www.porticoreal.com.br\/blog\/\",\"name\":\"Blog P\u00f3rtico Real\",\"description\":\"\",\"publisher\":{\"@id\":\"https:\/\/www.porticoreal.com.br\/blog\/#organization\"},\"potentialAction\":[{\"@type\":\"SearchAction\",\"target\":{\"@type\":\"EntryPoint\",\"urlTemplate\":\"https:\/\/www.porticoreal.com.br\/blog\/?s={search_term_string}\"},\"query-input\":{\"@type\":\"PropertyValueSpecification\",\"valueRequired\":true,\"valueName\":\"search_term_string\"}}],\"inLanguage\":\"pt-BR\"},{\"@type\":\"Organization\",\"@id\":\"https:\/\/www.porticoreal.com.br\/blog\/#organization\",\"name\":\"Blog P\u00f3rtico Real\",\"url\":\"https:\/\/www.porticoreal.com.br\/blog\/\",\"logo\":{\"@type\":\"ImageObject\",\"inLanguage\":\"pt-BR\",\"@id\":\"https:\/\/www.porticoreal.com.br\/blog\/#\/schema\/logo\/image\/\",\"url\":\"https:\/\/www.porticoreal.com.br\/blog\/wp-content\/uploads\/2025\/02\/imagem_2025-02-18_104417132.png\",\"contentUrl\":\"https:\/\/www.porticoreal.com.br\/blog\/wp-content\/uploads\/2025\/02\/imagem_2025-02-18_104417132.png\",\"width\":120,\"height\":73,\"caption\":\"Blog P\u00f3rtico Real\"},\"image\":{\"@id\":\"https:\/\/www.porticoreal.com.br\/blog\/#\/schema\/logo\/image\/\"}},{\"@type\":\"Person\",\"@id\":\"https:\/\/www.porticoreal.com.br\/blog\/#\/schema\/person\/e2168a80834d41498447950470082b6f\",\"name\":\"admin\",\"image\":{\"@type\":\"ImageObject\",\"inLanguage\":\"pt-BR\",\"@id\":\"https:\/\/www.porticoreal.com.br\/blog\/#\/schema\/person\/image\/\",\"url\":\"https:\/\/secure.gravatar.com\/avatar\/f3273dd18d95bc19d51d3e6356e4a679e6f13824497272a270e7bb540b0abb9d?s=96&d=mm&r=g\",\"contentUrl\":\"https:\/\/secure.gravatar.com\/avatar\/f3273dd18d95bc19d51d3e6356e4a679e6f13824497272a270e7bb540b0abb9d?s=96&d=mm&r=g\",\"caption\":\"admin\"},\"sameAs\":[\"https:\/\/www.porticoreal.com.br\/blog\"],\"url\":\"https:\/\/www.porticoreal.com.br\/blog\/author\/admin\/\"}]}<\/script>\n<!-- \/ Yoast SEO plugin. -->","yoast_head_json":{"title":"Os Diferentes Tipos de Fachadas Dispon\u00edveis para Loca\u00e7\u00e3o - Blog P\u00f3rtico Real","description":"Descubra os tipos de fachadas dispon\u00edveis para loca\u00e7\u00e3o e entenda como escolher a melhor solu\u00e7\u00e3o para sua obra com efici\u00eancia e economia.","robots":{"index":"index","follow":"follow","max-snippet":"max-snippet:-1","max-image-preview":"max-image-preview:large","max-video-preview":"max-video-preview:-1"},"canonical":"https:\/\/www.porticoreal.com.br\/blog\/2026\/08\/30\/os-diferentes-tipos-de-fachadas-disponiveis-para-locacao\/","og_locale":"pt_BR","og_type":"article","og_title":"Os Diferentes Tipos de Fachadas Dispon\u00edveis para Loca\u00e7\u00e3o - Blog P\u00f3rtico Real","og_description":"Descubra os tipos de fachadas dispon\u00edveis para loca\u00e7\u00e3o e entenda como escolher a melhor solu\u00e7\u00e3o para sua obra com efici\u00eancia e economia.","og_url":"https:\/\/www.porticoreal.com.br\/blog\/2026\/08\/30\/os-diferentes-tipos-de-fachadas-disponiveis-para-locacao\/","og_site_name":"Blog P\u00f3rtico Real","article_published_time":"2026-08-30T04:00:35+00:00","article_modified_time":"2026-08-30T04:00:36+00:00","og_image":[{"width":600,"height":450,"url":"https:\/\/www.porticoreal.com.br\/blog\/wp-content\/uploads\/2025\/03\/5.webp","type":"image\/webp"}],"author":"admin","twitter_card":"summary_large_image","twitter_misc":{"Escrito por":"admin","Est. tempo de leitura":"8 minutos"},"schema":{"@context":"https:\/\/schema.org","@graph":[{"@type":"Article","@id":"https:\/\/www.porticoreal.com.br\/blog\/2026\/08\/30\/os-diferentes-tipos-de-fachadas-disponiveis-para-locacao\/#article","isPartOf":{"@id":"https:\/\/www.porticoreal.com.br\/blog\/2026\/08\/30\/os-diferentes-tipos-de-fachadas-disponiveis-para-locacao\/"},"author":{"name":"admin","@id":"https:\/\/www.porticoreal.com.br\/blog\/#\/schema\/person\/e2168a80834d41498447950470082b6f"},"headline":"Os Diferentes Tipos de Fachadas Dispon\u00edveis para Loca\u00e7\u00e3o","datePublished":"2026-08-30T04:00:35+00:00","dateModified":"2026-08-30T04:00:36+00:00","mainEntityOfPage":{"@id":"https:\/\/www.porticoreal.com.br\/blog\/2026\/08\/30\/os-diferentes-tipos-de-fachadas-disponiveis-para-locacao\/"},"wordCount":1408,"commentCount":0,"publisher":{"@id":"https:\/\/www.porticoreal.com.br\/blog\/#organization"},"image":{"@id":"https:\/\/www.porticoreal.com.br\/blog\/2026\/08\/30\/os-diferentes-tipos-de-fachadas-disponiveis-para-locacao\/#primaryimage"},"thumbnailUrl":"https:\/\/www.porticoreal.com.br\/blog\/wp-content\/uploads\/2025\/03\/5.webp","articleSection":["Fachada"],"inLanguage":"pt-BR","potentialAction":[{"@type":"CommentAction","name":"Comment","target":["https:\/\/www.porticoreal.com.br\/blog\/2026\/08\/30\/os-diferentes-tipos-de-fachadas-disponiveis-para-locacao\/#respond"]}]},{"@type":"WebPage","@id":"https:\/\/www.porticoreal.com.br\/blog\/2026\/08\/30\/os-diferentes-tipos-de-fachadas-disponiveis-para-locacao\/","url":"https:\/\/www.porticoreal.com.br\/blog\/2026\/08\/30\/os-diferentes-tipos-de-fachadas-disponiveis-para-locacao\/","name":"Os Diferentes Tipos de Fachadas Dispon\u00edveis para Loca\u00e7\u00e3o - Blog P\u00f3rtico Real","isPartOf":{"@id":"https:\/\/www.porticoreal.com.br\/blog\/#website"},"primaryImageOfPage":{"@id":"https:\/\/www.porticoreal.com.br\/blog\/2026\/08\/30\/os-diferentes-tipos-de-fachadas-disponiveis-para-locacao\/#primaryimage"},"image":{"@id":"https:\/\/www.porticoreal.com.br\/blog\/2026\/08\/30\/os-diferentes-tipos-de-fachadas-disponiveis-para-locacao\/#primaryimage"},"thumbnailUrl":"https:\/\/www.porticoreal.com.br\/blog\/wp-content\/uploads\/2025\/03\/5.webp","datePublished":"2026-08-30T04:00:35+00:00","dateModified":"2026-08-30T04:00:36+00:00","description":"Descubra os tipos de fachadas dispon\u00edveis para loca\u00e7\u00e3o e entenda como escolher a melhor solu\u00e7\u00e3o para sua obra com efici\u00eancia e economia.","breadcrumb":{"@id":"https:\/\/www.porticoreal.com.br\/blog\/2026\/08\/30\/os-diferentes-tipos-de-fachadas-disponiveis-para-locacao\/#breadcrumb"},"inLanguage":"pt-BR","potentialAction":[{"@type":"ReadAction","target":["https:\/\/www.porticoreal.com.br\/blog\/2026\/08\/30\/os-diferentes-tipos-de-fachadas-disponiveis-para-locacao\/"]}]},{"@type":"ImageObject","inLanguage":"pt-BR","@id":"https:\/\/www.porticoreal.com.br\/blog\/2026\/08\/30\/os-diferentes-tipos-de-fachadas-disponiveis-para-locacao\/#primaryimage","url":"https:\/\/www.porticoreal.com.br\/blog\/wp-content\/uploads\/2025\/03\/5.webp","contentUrl":"https:\/\/www.porticoreal.com.br\/blog\/wp-content\/uploads\/2025\/03\/5.webp","width":600,"height":450,"caption":"Os Diferentes Tipos de Fachadas Dispon\u00edveis para Loca\u00e7\u00e3o"},{"@type":"BreadcrumbList","@id":"https:\/\/www.porticoreal.com.br\/blog\/2026\/08\/30\/os-diferentes-tipos-de-fachadas-disponiveis-para-locacao\/#breadcrumb","itemListElement":[{"@type":"ListItem","position":1,"name":"In\u00edcio","item":"https:\/\/www.porticoreal.com.br\/blog\/"},{"@type":"ListItem","position":2,"name":"Os Diferentes Tipos de Fachadas Dispon\u00edveis para Loca\u00e7\u00e3o"}]},{"@type":"WebSite","@id":"https:\/\/www.porticoreal.com.br\/blog\/#website","url":"https:\/\/www.porticoreal.com.br\/blog\/","name":"Blog P\u00f3rtico Real","description":"","publisher":{"@id":"https:\/\/www.porticoreal.com.br\/blog\/#organization"},"potentialAction":[{"@type":"SearchAction","target":{"@type":"EntryPoint","urlTemplate":"https:\/\/www.porticoreal.com.br\/blog\/?s={search_term_string}"},"query-input":{"@type":"PropertyValueSpecification","valueRequired":true,"valueName":"search_term_string"}}],"inLanguage":"pt-BR"},{"@type":"Organization","@id":"https:\/\/www.porticoreal.com.br\/blog\/#organization","name":"Blog P\u00f3rtico Real","url":"https:\/\/www.porticoreal.com.br\/blog\/","logo":{"@type":"ImageObject","inLanguage":"pt-BR","@id":"https:\/\/www.porticoreal.com.br\/blog\/#\/schema\/logo\/image\/","url":"https:\/\/www.porticoreal.com.br\/blog\/wp-content\/uploads\/2025\/02\/imagem_2025-02-18_104417132.png","contentUrl":"https:\/\/www.porticoreal.com.br\/blog\/wp-content\/uploads\/2025\/02\/imagem_2025-02-18_104417132.png","width":120,"height":73,"caption":"Blog P\u00f3rtico Real"},"image":{"@id":"https:\/\/www.porticoreal.com.br\/blog\/#\/schema\/logo\/image\/"}},{"@type":"Person","@id":"https:\/\/www.porticoreal.com.br\/blog\/#\/schema\/person\/e2168a80834d41498447950470082b6f","name":"admin","image":{"@type":"ImageObject","inLanguage":"pt-BR","@id":"https:\/\/www.porticoreal.com.br\/blog\/#\/schema\/person\/image\/","url":"https:\/\/secure.gravatar.com\/avatar\/f3273dd18d95bc19d51d3e6356e4a679e6f13824497272a270e7bb540b0abb9d?s=96&d=mm&r=g","contentUrl":"https:\/\/secure.gravatar.com\/avatar\/f3273dd18d95bc19d51d3e6356e4a679e6f13824497272a270e7bb540b0abb9d?s=96&d=mm&r=g","caption":"admin"},"sameAs":["https:\/\/www.porticoreal.com.br\/blog"],"url":"https:\/\/www.porticoreal.com.br\/blog\/author\/admin\/"}]}},"_links":{"self":[{"href":"https:\/\/www.porticoreal.com.br\/blog\/wp-json\/wp\/v2\/posts\/29","targetHints":{"allow":["GET"]}}],"collection":[{"href":"https:\/\/www.porticoreal.com.br\/blog\/wp-json\/wp\/v2\/posts"}],"about":[{"href":"https:\/\/www.porticoreal.com.br\/blog\/wp-json\/wp\/v2\/types\/post"}],"author":[{"embeddable":true,"href":"https:\/\/www.porticoreal.com.br\/blog\/wp-json\/wp\/v2\/users\/1"}],"replies":[{"embeddable":true,"href":"https:\/\/www.porticoreal.com.br\/blog\/wp-json\/wp\/v2\/comments?post=29"}],"version-history":[{"count":1,"href":"https:\/\/www.porticoreal.com.br\/blog\/wp-json\/wp\/v2\/posts\/29\/revisions"}],"predecessor-version":[{"id":32,"href":"https:\/\/www.porticoreal.com.br\/blog\/wp-json\/wp\/v2\/posts\/29\/revisions\/32"}],"wp:featuredmedia":[{"embeddable":true,"href":"https:\/\/www.porticoreal.com.br\/blog\/wp-json\/wp\/v2\/media\/30"}],"wp:attachment":[{"href":"https:\/\/www.porticoreal.com.br\/blog\/wp-json\/wp\/v2\/media?parent=29"}],"wp:term":[{"taxonomy":"category","embeddable":true,"href":"https:\/\/www.porticoreal.com.br\/blog\/wp-json\/wp\/v2\/categories?post=29"},{"taxonomy":"post_tag","embeddable":true,"href":"https:\/\/www.porticoreal.com.br\/blog\/wp-json\/wp\/v2\/tags?post=29"}],"curies":[{"name":"wp","href":"https:\/\/api.w.org\/{rel}","templated":true}]}}